{"id":22032,"date":"2024-01-07T21:05:07","date_gmt":"2024-01-07T20:05:07","guid":{"rendered":"https:\/\/razvedka.info\/pl\/2024-01-ukrainski-poeta-maksym-krywcow-zginal-na-wojnie\/"},"modified":"2024-01-07T21:05:07","modified_gmt":"2024-01-07T20:05:07","slug":"ukrainski-poeta-maksym-krywcow-zginal-na-wojnie","status":"publish","type":"post","link":"https:\/\/ruwar.org\/pl\/2024-01-ukrainski-poeta-maksym-krywcow-zginal-na-wojnie\/","title":{"rendered":"Ukrai\u0144ski poeta Maksym Krywcow zgin\u0105\u0142 na wojnie"},"content":{"rendered":"<p>Na froncie zgin\u0105\u0142 poeta i autor zbioru &#8222;Wiersze z luki&#8221;, 33-letni Maksym Krywcow o znaku wywo\u0142awczym &#8222;Dali&#8221;. Poinformowa\u0142a o tym jego matka Nadia Krywcowa w niedziel\u0119 7 stycznia.<\/p>\n<p><em>&#8222;Ciemno\u015b\u0107 (&#8230;) Nie ma \u015bwiat\u0142a&#8230;. nie ma dnia&#8230;&#8221;,<\/em> <a rel=\"nofollow noopener\" target=\"_blank\" href=\"https:\/\/www.facebook.com\/permalink.php?story_fbid=pfbid0iVQHHe4uQMfTRa3SvUXcKHBVrrbM31D7HAuW27Z2xYY14UUQyQYfxSBN8GaLFokdl&amp;id=100009115842804\">Napisa\u0142<\/a> matka poety na Facebooku.<\/p>\n<p>Okoliczno\u015bci \u015bmierci Maksyma Krywcowa nie s\u0105 znane.<\/p>\n<p>Pisarz Lubko Deresz powiedzia\u0142, \u017ce zmar\u0142y \u017co\u0142nierz nie doko\u0144czy\u0142 swojej powie\u015bci, nad kt\u00f3r\u0105 pracowa\u0142. Pisarz opublikowa\u0142 fragment streszczenia.<\/p>\n<p><em>&#8222;Mia\u0142em szcz\u0119\u015bcie komunikowa\u0107 si\u0119 z nim i prowadzi\u0107 zaj\u0119cia, gdzie by\u0142 jako s\u0142uchacz, w programie dla weteran\u00f3w &#8222;Voices of War&#8221;. Bardzo \u017cywa, dowcipna, niezwykle utalentowana osoba&#8221; <\/em>\u2013 <a rel=\"nofollow noopener\" target=\"_blank\" href=\"https:\/\/www.facebook.com\/lyubko.deresh\/posts\/24793585383588138?ref=embed_post\">Udost\u0119pnionych<\/a> Wspomnienia Deresha.<\/p>\n<p>Nale\u017cy zauwa\u017cy\u0107, \u017ce 6 stycznia Krywcow <a rel=\"nofollow noopener\" target=\"_blank\" href=\"https:\/\/www.facebook.com\/permalink.php?story_fbid=1694235620986247&amp;id=100011994764563&amp;ref=embed_post\">Opublikowany<\/a> post na Facebooku, w kt\u00f3rym zaprosi\u0142 subskrybent\u00f3w do wpisania numeru strony i linii w komentarzach. Zamiast tego obieca\u0142 zamie\u015bci\u0107 zdj\u0119cie wiersza ze swojej kolekcji.<\/p>\n<div class=\"responsive-embed-fb-post\"><iframe loading=\"lazy\" allow=\"autoplay; clipboard-write; encrypted-media; picture-in-picture; web-share\" allowfullscreen=\"true\" frameborder=\"0\" height=\"674\" sandbox=\"allow-scripts allow-same-origin\" scrolling=\"no\" src=\"https:\/\/www.facebook.com\/plugins\/post.php?href=https%3A%2F%2Fwww.facebook.com%2Fpermalink.php%3Fstory_fbid%3Dpfbid02xFj87vHGMSrrxXCFT9h3kSY7hQKaXzmryEQreccJQ2Y6akVHfSTppDcWwkCGMt9jl%26id%3D100011994764563&amp;show_text=true&amp;width=500\" style=\"border:none;overflow:hidden\" width=\"500\"><\/iframe><\/div>\n<p>Ju\u017c w niedziel\u0119 7 stycznia pod postem zacz\u0119\u0142y pojawia\u0107 si\u0119 komentarze znajomych \u017co\u0142nierza, kt\u00f3rzy informowali, \u017ce zgin\u0105\u0142.<\/p>\n<p><strong>Kim jest Maksym Krywcow?<\/strong><\/p>\n<p>Maksym Krywcow urodzi\u0142 si\u0119 w R\u00f3wnem. W 2014 roku poszed\u0142 na wojn\u0119 jako ochotnik. Wcze\u015bniej by\u0142 fotografem i pisa\u0142 wiersze. P\u00f3\u017aniej pracowa\u0142 w Centrum Rehabilitacji i Readaptacji Uczestnik\u00f3w ATO i JFO oraz w Veteran Hub.<\/p>\n<p>Po pe\u0142noskalowej inwazji Rosjan w lutym 2022 r. wr\u00f3ci\u0142 na front. W pa\u017adzierniku 2023 roku nak\u0142adem wydawnictwa Nash Format ukaza\u0142 si\u0119 tomik poezji Krawcowa Wiersze z luki. Znalaz\u0142a si\u0119 w rankingu najlepszych ksi\u0105\u017cek 2023 roku wed\u0142ug PEN Ukraine.<\/p>\n<p>Krawcow powiedzia\u0142, \u017ce wybra\u0142 znak wywo\u0142awczy &#8222;Dali&#8221;, poniewa\u017c zapu\u015bci\u0142 w\u0105sy, aby nakr\u0119ci\u0107 je jak artysta Salvador Dali.<\/p>\n<div id=\"fb-root\"><\/div>\n<p><script async defer src=\"https:\/\/connect.facebook.net\/en_US\/sdk.js#xfbml=1&amp;version=v3.2\"><\/script><\/p>\n","protected":false},"excerpt":{"rendered":"<p>Na froncie zgin\u0105\u0142 poeta i autor zbioru &#8222;Wiersze z luki&#8221;, 33-letni Maksym Krywcow o znaku wywo\u0142awczym &#8222;Dali&#8221;. Poinformowa\u0142a o tym jego matka Nadia Krywcowa w niedziel\u0119 7 stycznia. &#8222;Ciemno\u015b\u0107 (&#8230;) Nie ma \u015bwiat\u0142a&#8230;. nie ma dnia&#8230;&#8221;, Napisa\u0142 matka poety na Facebooku. Okoliczno\u015bci \u015bmierci Maksyma Krywcowa nie s\u0105 znane. Pisarz Lubko Deresz powiedzia\u0142, \u017ce zmar\u0142y \u017co\u0142nierz [&hellip;]<\/p>\n","protected":false},"author":1,"featured_media":22033,"comment_status":"closed","ping_status":"closed","sticky":false,"template":"","format":"standard","meta":{"footnotes":""},"categories":[1],"tags":[2633,1645,2984,1664,9],"class_list":["post-22032","post","type-post","status-publish","format-standard","has-post-thumbnail","hentry","category-wojna","tag-aktualnosci-z-ukrainy","tag-glowne-wiadomosci","tag-maksym-krywcow","tag-wiadomosci-z-rownego","tag-wojna-rosyjsko-ukrainska"],"_links":{"self":[{"href":"https:\/\/ruwar.org\/pl\/wp-json\/wp\/v2\/posts\/22032","targetHints":{"allow":["GET"]}}],"collection":[{"href":"https:\/\/ruwar.org\/pl\/wp-json\/wp\/v2\/posts"}],"about":[{"href":"https:\/\/ruwar.org\/pl\/wp-json\/wp\/v2\/types\/post"}],"author":[{"embeddable":true,"href":"https:\/\/ruwar.org\/pl\/wp-json\/wp\/v2\/users\/1"}],"replies":[{"embeddable":true,"href":"https:\/\/ruwar.org\/pl\/wp-json\/wp\/v2\/comments?post=22032"}],"version-history":[{"count":0,"href":"https:\/\/ruwar.org\/pl\/wp-json\/wp\/v2\/posts\/22032\/revisions"}],"wp:featuredmedia":[{"embeddable":true,"href":"https:\/\/ruwar.org\/pl\/wp-json\/wp\/v2\/media\/22033"}],"wp:attachment":[{"href":"https:\/\/ruwar.org\/pl\/wp-json\/wp\/v2\/media?parent=22032"}],"wp:term":[{"taxonomy":"category","embeddable":true,"href":"https:\/\/ruwar.org\/pl\/wp-json\/wp\/v2\/categories?post=22032"},{"taxonomy":"post_tag","embeddable":true,"href":"https:\/\/ruwar.org\/pl\/wp-json\/wp\/v2\/tags?post=22032"}],"curies":[{"name":"wp","href":"https:\/\/api.w.org\/{rel}","templated":true}]}}