{"id":21955,"date":"2024-01-04T10:55:16","date_gmt":"2024-01-04T09:55:16","guid":{"rendered":"https:\/\/razvedka.info\/pl\/2024-01-podczas-ostatniej-wymiany-czterech-mieszkancow-wolynia-zostalo-zwolnionych-z-niewoli\/"},"modified":"2024-01-04T10:55:16","modified_gmt":"2024-01-04T09:55:16","slug":"podczas-ostatniej-wymiany-czterech-mieszkancow-wolynia-zostalo-zwolnionych-z-niewoli","status":"publish","type":"post","link":"https:\/\/ruwar.org\/pl\/2024-01-podczas-ostatniej-wymiany-czterech-mieszkancow-wolynia-zostalo-zwolnionych-z-niewoli\/","title":{"rendered":"Podczas ostatniej wymiany czterech mieszka\u0144c\u00f3w Wo\u0142ynia zosta\u0142o zwolnionych z niewoli"},"content":{"rendered":"<p>Czterech \u017co\u0142nierzy wr\u00f3ci\u0142o na Wo\u0142y\u0144 w ramach zakrojonej na szerok\u0105 skal\u0119 wymiany je\u0144c\u00f3w. Dw\u00f3ch z nich uznano za zaginionych.<\/p>\n<p>Wed\u0142ug szefa Wo\u0142y\u0144skiej Obwodowej Administracji Wojskowej Jurija Pohulijki w\u015br\u00f3d zwolnionych znalaz\u0142 si\u0119 25-letni m\u0119\u017cczyzna <strong>Dmitrij Osowoj<\/strong> ze wsi Smolj\u00f3w, rejon \u0142ucki. By\u0142 cz\u0142onkiem ATO i od pierwszych dni szed\u0142 na wojn\u0119. Dosta\u0142 si\u0119 do niewoli w obwodzie \u0142uga\u0144skim.<\/p>\n<p>Wr\u00f3cili te\u017c do domu <strong>Ilja Muzyka<\/strong> \u2013 psi przewodnik stra\u017cy granicznej z Nowowo\u0142y\u0144ska. Zosta\u0142 schwytany 12 kwietnia 2022 r. z zak\u0142ad\u00f3w Iljicza w Mariupolu. Ilja i jego dziewczyna Alina Panina, r\u00f3wnie\u017c stra\u017cniczka graniczna, pracowali w Mariupolu. Nale\u017cy zauwa\u017cy\u0107, \u017ce zosta\u0142a zwr\u00f3cona z niewoli 17 pa\u017adziernika 2022 roku.<\/p>\n<p style=\"text-align: center;\"><span class=\"lazyload-holder\" style=\"padding-bottom: 115.34722222222223%;\"><br \/><noscript><br \/>   <img decoding=\"async\" alt=\"Stra\u017cnik graniczny Ilja Muzyka, kt\u00f3ry zosta\u0142 schwytany w kwietniu 2022 r.\" caption=\"\u041f\u0440\u0438\u043a\u043e\u0440\u0434\u043e\u043d\u043d\u0438\u043a \u0406\u043b\u043b\u044f \u041c\u0443\u0437\u0438\u043a\u0430, \u044f\u043a\u0438\u0439 \u043f\u043e\u0442\u0440\u0430\u043f\u0438\u0432 \u0443 \u043f\u043e\u043b\u043e\u043d \u0432 \u043a\u0432\u0456\u0442\u043d\u0456 2022 \u0440\u043e\u043a\u0443\" description=\"\u041f\u0440\u0438\u043a\u043e\u0440\u0434\u043e\u043d\u043d\u0438\u043a \u0406\u043b\u043b\u044f \u041c\u0443\u0437\u0438\u043a\u0430, \u044f\u043a\u0438\u0439 \u043f\u043e\u0442\u0440\u0430\u043f\u0438\u0432 \u0443 \u043f\u043e\u043b\u043e\u043d \u0432 \u043a\u0432\u0456\u0442\u043d\u0456 2022 \u0440\u043e\u043a\u0443\" original-height=\"1661\" original-width=\"1440\" src=\"https:\/\/razvedka.info\/pl\/media\/2024\/01\/Podczas-ostatniej-wymiany-czterech-mieszkancow-Wolynia-zostalo-zwolnionych-z-niewoli.jpg\" title=\"Podczas ostatniej wymiany czterech mieszka\u0144c\u00f3w Wo\u0142ynia zosta\u0142o zwolnionych z niewoli\"><br \/>  <\/noscript><img data-perfmatters-preload decoding=\"async\" alt=\"Stra\u017cnik graniczny Ilja Muzyka, kt\u00f3ry zosta\u0142 schwytany w kwietniu 2022 r.\" src=\"https:\/\/razvedka.info\/pl\/media\/2024\/01\/Podczas-ostatniej-wymiany-czterech-mieszkancow-Wolynia-zostalo-zwolnionych-z-niewoli.jpg\" class=\"lazyload lazy-img-blur-up\" caption=\"\u041f\u0440\u0438\u043a\u043e\u0440\u0434\u043e\u043d\u043d\u0438\u043a \u0406\u043b\u043b\u044f \u041c\u0443\u0437\u0438\u043a\u0430, \u044f\u043a\u0438\u0439 \u043f\u043e\u0442\u0440\u0430\u043f\u0438\u0432 \u0443 \u043f\u043e\u043b\u043e\u043d \u0432 \u043a\u0432\u0456\u0442\u043d\u0456 2022 \u0440\u043e\u043a\u0443\" description=\"\u041f\u0440\u0438\u043a\u043e\u0440\u0434\u043e\u043d\u043d\u0438\u043a \u0406\u043b\u043b\u044f \u041c\u0443\u0437\u0438\u043a\u0430, \u044f\u043a\u0438\u0439 \u043f\u043e\u0442\u0440\u0430\u043f\u0438\u0432 \u0443 \u043f\u043e\u043b\u043e\u043d \u0432 \u043a\u0432\u0456\u0442\u043d\u0456 2022 \u0440\u043e\u043a\u0443\" title=\"Podczas ostatniej wymiany czterech mieszka\u0144c\u00f3w Wo\u0142ynia zosta\u0142o zwolnionych z niewoli\"><\/span><span class=\"news-page-photo-name\">Stra\u017cnik graniczny Ilja Muzyka, kt\u00f3ry zosta\u0142 schwytany w kwietniu 2022 r.<\/span><\/p>\n<p>\u00ab<em>Zwolniono r\u00f3wnie\u017c dw\u00f3ch mieszka\u0144c\u00f3w Wo\u0142ynia, kt\u00f3rych uznano za zaginionych \u2013 <strong>Serhiy Zinchuk<\/strong> ze spo\u0142eczno\u015bci Kolky i <strong>Rus\u0142ana Feleszczuk<\/strong> z Kolodyazhnenskaya. Obaj zagin\u0119li w obwodzie zaporoskim<\/em>\u00bb, \u2013 <a rel=\"nofollow noopener\" target=\"_blank\" href=\"https:\/\/www.facebook.com\/YurijPoguliajko\/posts\/pfbid0q6WUzRUnvaiwsXz65yHaWQ1bqv4bPGRn9RDyn6tz1KRRCX3mvggMmEo1QHffdLZGl\">Zauwa\u017cy\u0107<\/a> Szef Obwodowej Administracji Wojskowej.<\/p>\n<p>Przypomnijmy, \u017ce wymiana 3 stycznia by\u0142a najwi\u0119ksz\u0105 wymian\u0105 je\u0144c\u00f3w wojennych podczas inwazji na pe\u0142n\u0105 skal\u0119. 230 Ukrai\u0144c\u00f3w wr\u00f3ci\u0142o do dom\u00f3w. W\u015br\u00f3d nich jest 130 przedstawicieli Si\u0142 Zbrojnych Ukrainy, 55 Gwardzist\u00f3w Narodowych, 38 funkcjonariuszy stra\u017cy granicznej, jeden policjant i sze\u015bciu cywil\u00f3w, kt\u00f3rzy zostali bezprawnie pozbawieni wolno\u015bci.<\/p>\n<p>Nale\u017cy doda\u0107, \u017ce 182 z 230 zwolnionych mia\u0142o status je\u0144c\u00f3w wojennych, a 48 uznano za zaginionych.<\/p>\n","protected":false},"excerpt":{"rendered":"<p>Czterech \u017co\u0142nierzy wr\u00f3ci\u0142o na Wo\u0142y\u0144 w ramach zakrojonej na szerok\u0105 skal\u0119 wymiany je\u0144c\u00f3w. Dw\u00f3ch z nich uznano za zaginionych. Wed\u0142ug szefa Wo\u0142y\u0144skiej Obwodowej Administracji Wojskowej Jurija Pohulijki w\u015br\u00f3d zwolnionych znalaz\u0142 si\u0119 25-letni m\u0119\u017cczyzna Dmitrij Osowoj ze wsi Smolj\u00f3w, rejon \u0142ucki. By\u0142 cz\u0142onkiem ATO i od pierwszych dni szed\u0142 na wojn\u0119. Dosta\u0142 si\u0119 do niewoli w [&hellip;]<\/p>\n","protected":false},"author":1,"featured_media":21956,"comment_status":"closed","ping_status":"closed","sticky":false,"template":"","format":"standard","meta":{"footnotes":""},"categories":[1],"tags":[2495,1380,9],"class_list":["post-21955","post","type-post","status-publish","format-standard","has-post-thumbnail","hentry","category-wojna","tag-jency-wojenni","tag-wiadomosci-z-wolynia","tag-wojna-rosyjsko-ukrainska"],"_links":{"self":[{"href":"https:\/\/ruwar.org\/pl\/wp-json\/wp\/v2\/posts\/21955","targetHints":{"allow":["GET"]}}],"collection":[{"href":"https:\/\/ruwar.org\/pl\/wp-json\/wp\/v2\/posts"}],"about":[{"href":"https:\/\/ruwar.org\/pl\/wp-json\/wp\/v2\/types\/post"}],"author":[{"embeddable":true,"href":"https:\/\/ruwar.org\/pl\/wp-json\/wp\/v2\/users\/1"}],"replies":[{"embeddable":true,"href":"https:\/\/ruwar.org\/pl\/wp-json\/wp\/v2\/comments?post=21955"}],"version-history":[{"count":0,"href":"https:\/\/ruwar.org\/pl\/wp-json\/wp\/v2\/posts\/21955\/revisions"}],"wp:featuredmedia":[{"embeddable":true,"href":"https:\/\/ruwar.org\/pl\/wp-json\/wp\/v2\/media\/21956"}],"wp:attachment":[{"href":"https:\/\/ruwar.org\/pl\/wp-json\/wp\/v2\/media?parent=21955"}],"wp:term":[{"taxonomy":"category","embeddable":true,"href":"https:\/\/ruwar.org\/pl\/wp-json\/wp\/v2\/categories?post=21955"},{"taxonomy":"post_tag","embeddable":true,"href":"https:\/\/ruwar.org\/pl\/wp-json\/wp\/v2\/tags?post=21955"}],"curies":[{"name":"wp","href":"https:\/\/api.w.org\/{rel}","templated":true}]}}