{"id":21886,"date":"2024-01-02T09:45:08","date_gmt":"2024-01-02T08:45:08","guid":{"rendered":"https:\/\/razvedka.info\/pl\/2024-01-zelenski-zirytowany-zwlekaniem-zachodu-z-wojna-w-ukrainie-the-economist\/"},"modified":"2024-01-02T09:45:08","modified_gmt":"2024-01-02T08:45:08","slug":"zelenski-zirytowany-zwlekaniem-zachodu-z-wojna-w-ukrainie-the-economist","status":"publish","type":"post","link":"https:\/\/ruwar.org\/pl\/2024-01-zelenski-zirytowany-zwlekaniem-zachodu-z-wojna-w-ukrainie-the-economist\/","title":{"rendered":"Ze\u0142enski zirytowany zwlekaniem Zachodu z wojn\u0105 w Ukrainie &#8211; The Economist"},"content":{"rendered":"<p>Prezydent Ukrainy Wo\u0142odymyr Ze\u0142enski uwa\u017ca, \u017ce &#8222;Zach\u00f3d straci\u0142 poczucie pilno\u015bci wojny w Ukrainie&#8221;, a wielu Ukrai\u0144c\u00f3w, wed\u0142ug Ze\u0142enskiego, &#8222;straci\u0142o poczucie egzystencjalnego zagro\u017cenia&#8221;. O\u015bwiadczy\u0142 o tym Prezydent Ukrainy 1 stycznia w <a rel=\"nofollow noopener\" target=\"_blank\" href=\"https:\/\/www.economist.com\/europe\/2024\/01\/01\/a-new-years-interview-with-volodymr-zelensky\">wywiad<\/a> Ekonomista.<\/p>\n<p>Ze\u0142enskiego irytuje wahanie cz\u0119\u015bci sojusznik\u00f3w, a tak\u017ce dystans cz\u0119\u015bci rodak\u00f3w. Wed\u0142ug niego Zach\u00f3d straci\u0142 poczucie pilno\u015bci, a wielu Ukrai\u0144c\u00f3w straci\u0142o poczucie egzystencjalnego zagro\u017cenia wojn\u0105.<\/p>\n<p>Ze\u0142enski podkre\u015bli\u0142, \u017ce wspieraj\u0105c Ukrain\u0119, Europa chroni si\u0119 przed rosyjsk\u0105 agresj\u0105.<\/p>\n<p>\u00ab<em>Putin czuje si\u0119 s\u0142aby jak zwierz\u0119. Poniewa\u017c jest zwierz\u0119ciem, czuje krew, czuje swoj\u0105 moc i zje ci\u0119 na obiad z ca\u0142\u0105 twoj\u0105 Uni\u0105 Europejsk\u0105, NATO, wolno\u015bci\u0105 i demokracj\u0105<\/em>&#8222;, powiedzia\u0142 Prezydent Ukrainy. Jednak wed\u0142ug Ze\u0142enskiego &#8222;my\u015bl, \u017ce Putin wygrywa, jest niczym wi\u0119cej ni\u017c uczuciem&#8221;, a rzeczywisto\u015b\u0107 jest taka, \u017ce rosyjskie wojska s\u0105 nadal niszczone.<\/p>\n<p>Ze\u0142enski skar\u017cy\u0142 si\u0119 m.in., \u017ce &#8222;mobilizacja ukrai\u0144skiego spo\u0142ecze\u0144stwa i \u015bwiata&#8221;, kt\u00f3ra by\u0142a na pocz\u0105tku wojny, jest obecnie nieobecna i trzeba to zmieni\u0107.<\/p>\n<p>\u00ab<em>Mobilizacja to nie tylko kwestia wys\u0142ania wojska na front, dotyczy wszystkich. To tak\u017ce mobilizacja wysi\u0142k\u00f3w i jedyny spos\u00f3b na obron\u0119 naszego pa\u0144stwa i deokupacj\u0119 naszych ziem. B\u0105d\u017amy szczerzy, przeszli\u015bmy do polityki wewn\u0119trznej i je\u015bli nadal b\u0119dziemy si\u0119 na niej koncentrowa\u0107, musimy rozpisa\u0107 wybory, zmieni\u0107 ustawodawstwo. Ale potem zapomnij o dzia\u0142aniach kontrofensywnych i deokupacji&#8230; Najwa\u017cniejsze, co Ukrai\u0144cy mog\u0105 teraz zrobi\u0107, to by\u0107 w Ukrainie, a nasi zachodni partnerzy by\u0107 z Ukrain\u0105&#8230; <\/em>&#8222;, powiedzia\u0142 ukrai\u0144ski prezydent.<\/p>\n<p>Je\u015bli chodzi o propozycje negocjacji, Ze\u0142enski zaznaczy\u0142, \u017ce do tej pory nie widzia\u0142 \u017cadnych krok\u00f3w w kierunku pokoju ze strony Rosji. Zamiast tego Ukrai\u0144cy do\u015bwiadczaj\u0105 nawa\u0142nicy atak\u00f3w lotniczych na ukrai\u0144skie miasta na wschodzie, po\u0142udniu, p\u00f3\u0142nocy i zachodzie.<\/p>\n","protected":false},"excerpt":{"rendered":"<p>Prezydent Ukrainy Wo\u0142odymyr Ze\u0142enski uwa\u017ca, \u017ce &#8222;Zach\u00f3d straci\u0142 poczucie pilno\u015bci wojny w Ukrainie&#8221;, a wielu Ukrai\u0144c\u00f3w, wed\u0142ug Ze\u0142enskiego, &#8222;straci\u0142o poczucie egzystencjalnego zagro\u017cenia&#8221;. O\u015bwiadczy\u0142 o tym Prezydent Ukrainy 1 stycznia w wywiad Ekonomista. Ze\u0142enskiego irytuje wahanie cz\u0119\u015bci sojusznik\u00f3w, a tak\u017ce dystans cz\u0119\u015bci rodak\u00f3w. Wed\u0142ug niego Zach\u00f3d straci\u0142 poczucie pilno\u015bci, a wielu Ukrai\u0144c\u00f3w straci\u0142o poczucie egzystencjalnego zagro\u017cenia [&hellip;]<\/p>\n","protected":false},"author":1,"featured_media":21887,"comment_status":"closed","ping_status":"closed","sticky":false,"template":"","format":"standard","meta":{"footnotes":""},"categories":[1],"tags":[9,176],"class_list":["post-21886","post","type-post","status-publish","format-standard","has-post-thumbnail","hentry","category-wojna","tag-wojna-rosyjsko-ukrainska","tag-wolodymyr-zelenski"],"_links":{"self":[{"href":"https:\/\/ruwar.org\/pl\/wp-json\/wp\/v2\/posts\/21886","targetHints":{"allow":["GET"]}}],"collection":[{"href":"https:\/\/ruwar.org\/pl\/wp-json\/wp\/v2\/posts"}],"about":[{"href":"https:\/\/ruwar.org\/pl\/wp-json\/wp\/v2\/types\/post"}],"author":[{"embeddable":true,"href":"https:\/\/ruwar.org\/pl\/wp-json\/wp\/v2\/users\/1"}],"replies":[{"embeddable":true,"href":"https:\/\/ruwar.org\/pl\/wp-json\/wp\/v2\/comments?post=21886"}],"version-history":[{"count":0,"href":"https:\/\/ruwar.org\/pl\/wp-json\/wp\/v2\/posts\/21886\/revisions"}],"wp:featuredmedia":[{"embeddable":true,"href":"https:\/\/ruwar.org\/pl\/wp-json\/wp\/v2\/media\/21887"}],"wp:attachment":[{"href":"https:\/\/ruwar.org\/pl\/wp-json\/wp\/v2\/media?parent=21886"}],"wp:term":[{"taxonomy":"category","embeddable":true,"href":"https:\/\/ruwar.org\/pl\/wp-json\/wp\/v2\/categories?post=21886"},{"taxonomy":"post_tag","embeddable":true,"href":"https:\/\/ruwar.org\/pl\/wp-json\/wp\/v2\/tags?post=21886"}],"curies":[{"name":"wp","href":"https:\/\/api.w.org\/{rel}","templated":true}]}}