{"id":21830,"date":"2023-12-30T15:05:08","date_gmt":"2023-12-30T14:05:08","guid":{"rendered":"https:\/\/razvedka.info\/pl\/2023-12-7-ukrainskich-filmow-o-wojnie-rosyjsko-ukrainskiej\/"},"modified":"2023-12-30T15:05:08","modified_gmt":"2023-12-30T14:05:08","slug":"7-ukrainskich-filmow-o-wojnie-rosyjsko-ukrainskiej","status":"publish","type":"post","link":"https:\/\/ruwar.org\/pl\/2023-12-7-ukrainskich-filmow-o-wojnie-rosyjsko-ukrainskiej\/","title":{"rendered":"7 ukrai\u0144skich film\u00f3w o wojnie rosyjsko-ukrai\u0144skiej"},"content":{"rendered":"<p>Wojna rosyjsko-ukrai\u0144ska jest centralnym tematem ukrai\u0144skiego kina od 2014 roku. Filmy takie jak na przyk\u0142ad. &#8222;Cyborgi&#8221;, &#8222;Odbicie&#8221;, &#8222;Z\u0142e drogi&#8221; by\u0142y na festiwalach, na listach nagr\u00f3d filmowych i w box office. W tym roku wiele uwagi \u015bwiata filmowego skupi\u0142o si\u0119 na filmie &#8222;20 dni w Mariupolu&#8221;, kt\u00f3ry znalaz\u0142 si\u0119 na dw\u00f3ch oscarowych shortlistach. Przypominamy o kilku kolejnych ukrai\u0144skich obrazach o wojnie, kt\u00f3re ukaza\u0142y si\u0119 w 2023 roku. Oczywi\u015bcie nasza lista nie obejmuje wszystkich film\u00f3w.<\/p>\n<h2>\u017belazne motyle<\/h2>\n<p>Re\u017cyseria: Roman Lyubiy<\/p>\n<div class=\"jeg_video_container jeg_video_content\">\n<div class=\"jeg_video_container jeg_video_content\"><iframe loading=\"lazy\" title=\"\u0417\u0410\u041b\u0406\u0417\u041d\u0406 \u041c\u0415\u0422\u0415\u041b\u0418\u041a\u0418 \u0417 20 \u041b\u0418\u041f\u041d\u042f 2023 \/ IRON BUTTERFLIES, \u043e\u0444\u0456\u0446\u0456\u0439\u043d\u0438\u0439 \u0443\u043a\u0440\u0430\u0457\u043d\u0441\u044c\u043a\u0438\u0439 \u0442\u0440\u0435\u0439\u043b\u0435\u0440, 2023\" width=\"500\" height=\"281\" src=\"https:\/\/www.youtube.com\/embed\/69Zu70ezOFY?feature=oembed\" frameborder=\"0\" allow=\"accelerometer; autoplay; clipboard-write; encrypted-media; gyroscope; picture-in-picture; web-share\" referrerpolicy=\"strict-origin-when-cross-origin\" allowfullscreen><\/iframe><\/div>\n<\/div>\n<p>&#8222;\u017belazne motyle&#8221; Romana Liubyja (&#8222;Notatka wojenna&#8221;) opowiada o zestrzeleniu przez Rosjan cywilnego samolotu MH17 z 298 osobami na pok\u0142adzie na niebie nad ukrai\u0144skim Donbasem latem 2014 roku. Rosyjskie w\u0142adze natychmiast zacz\u0119\u0142y zaprzecza\u0107 swojemu udzia\u0142owi w tragedii, a propaganda zacz\u0119\u0142a pracowa\u0107 nad ukryciem prawdziwych okoliczno\u015bci zbrodni. &#8222;\u017belazne motyle&#8221; opowiada o zbrodni, kt\u00f3rej \u015bledztwo trwa\u0142o 8 lat.<\/p>\n<p>I opowiadaj\u0105, nadaj\u0105c obrazowi niepowtarzalny kszta\u0142t. \u0141\u0105czy w sobie materia\u0142 dokumentalny, kronik\u0119 i fragmenty performatywne. Ich dziwaczna choreografia dodaje obrazowi dodatkowych znacze\u0144 i sprawia, \u017ce widz nie tylko konsumuje informacje, ale budzi skojarzenia, rozbie\u017cno\u015bci itp., dodaje osobistej wizji dokumentom, a publicystyce znamiona dzie\u0142a sztuki. Film bra\u0142 udzia\u0142 w festiwalach Sundance i Berlinale. Poprzedni film Liubyi&#8217;ego, War Note (2021), jest w ca\u0142o\u015bci zmontowany z film\u00f3w nakr\u0119conych przez samych wojskowych, kt\u00f3re nakr\u0119cili telefonami, kamerami sportowymi lub aparatami fotograficznymi. Niekt\u00f3rzy z autor\u00f3w filmu ju\u017c nie \u017cyj\u0105. Niekt\u00f3rzy wr\u00f3cili do domu. Barwne fabu\u0142y z samego epicentrum katastrofy.<\/p>\n<h2>Nie znikniemy<\/h2>\n<p>Re\u017cyseria: Alisa Kovalenko<\/p>\n<div class=\"jeg_video_container jeg_video_content\">\n<div class=\"jeg_video_container jeg_video_content\"><iframe loading=\"lazy\" title=\"&quot;We Will Not Fade Away&quot; (My ne zgasnemo) | Clip | Berlinale 2023\" width=\"500\" height=\"281\" src=\"https:\/\/www.youtube.com\/embed\/23fzo-Dbsuk?feature=oembed\" frameborder=\"0\" allow=\"accelerometer; autoplay; clipboard-write; encrypted-media; gyroscope; picture-in-picture; web-share\" referrerpolicy=\"strict-origin-when-cross-origin\" allowfullscreen><\/iframe><\/div>\n<\/div>\n<p>To opowie\u015b\u0107 o nastolatkach dorastaj\u0105cych we wschodniej Ukrainie na tle wojny i podr\u00f3\u017cy na szczyty Himalaj\u00f3w. Pi\u0119cioro nastoletnich bohater\u00f3w &#8222;szuka przyg\u00f3d, protestuje i walczy z szaro\u015bci\u0105 i nud\u0105&#8221; w Zo\u0142ocie i Stanicy \u0141uga\u0144skiej, kt\u00f3re od 2014 roku s\u0105 na pierwszej linii frontu.<\/p>\n<p>Zdj\u0119cia rozpocz\u0119\u0142y si\u0119 w 2019 roku, przed rozpocz\u0119ciem wojny na pe\u0142n\u0105 skal\u0119, a zako\u0144czy\u0142y si\u0119 w 2022 roku. Film &#8222;Nie znikniemy&#8221; zosta\u0142 pokazany na Berlinale 2023. Film zdoby\u0142 nagrody na Festiwalu Filmowym w Odessie i wygra\u0142 na Docudays UA.<\/p>\n<h2>Sk\u0105d do<\/h2>\n<p>Re\u017cyseria: Macek Hamela<\/p>\n<div class=\"jeg_video_container jeg_video_content\">\n<div class=\"jeg_video_container jeg_video_content\"><iframe loading=\"lazy\" title=\"&quot;\u0417\u0432\u0456\u0434\u043a\u0438 \u043a\u0443\u0434\u0438&quot; | \u041f\u043e\u0432\u043d\u043e\u043c\u0435\u0442\u0440\u0430\u0436\u043d\u0438\u0439 \u0434\u043e\u043a\u0443\u043c\u0435\u043d\u0442\u0430\u043b\u044c\u043d\u0438\u0439 \u0444\u0456\u043b\u044c\u043c | \u0422\u0440\u0435\u0439\u043b\u0435\u0440 | \u0420\u0435\u0436\u0438\u0441\u0435\u0440 \u041c\u0430\u0447\u0435\u043a \u0425\u0430\u043c\u0435\u043b\u0430\" width=\"500\" height=\"281\" src=\"https:\/\/www.youtube.com\/embed\/hO93DLPV3II?feature=oembed\" frameborder=\"0\" allow=\"accelerometer; autoplay; clipboard-write; encrypted-media; gyroscope; picture-in-picture; web-share\" referrerpolicy=\"strict-origin-when-cross-origin\" allowfullscreen><\/iframe><\/div>\n<\/div>\n<p>Ukrai\u0144sko-polski film &#8222;Sk\u0105d dok\u0105d&#8221; zosta\u0142 pokazany podczas Festiwalu Filmowego w Cannes w ramach programu ACID. Do programu Cannes ACID co roku wybierane jest 9 film\u00f3w przez Stowarzyszenie Autor\u00f3w Zdj\u0119\u0107 Filmowych ACID (Stowarzyszenie Filmu Niezale\u017cnego i Jego Dystrybucji). Do produkcji filmu do\u0142\u0105czy\u0142a ukrai\u0144ska wytw\u00f3rnia filmowa &#8222;435 FILMS&#8221;. Film znalaz\u0142 si\u0119 r\u00f3wnie\u017c na kr\u00f3tkiej li\u015bcie nominowanych do Oscara w kategorii Najlepszy Film Dokumentalny, a tak\u017ce zosta\u0142 najlepszym dokumentem na Festiwalu Filmowym w Odessie.<\/p>\n<p>&#8222;Sk\u0105d dok\u0105d&#8221; opowiada histori\u0119 ludzi, kt\u00f3rzy po rosyjskiej inwazji zmuszeni s\u0105 opu\u015bci\u0107 swoje domy, by znale\u017a\u0107 bezpieczne schronienie. Wsiadaj\u0105 do autobusu ewakuacyjnego i opowiadaj\u0105 o tym, przez co musieli przej\u015b\u0107. Za sterami siedzi sam re\u017cyser, kt\u00f3ry zabiera bohater\u00f3w jak najdalej od wojny. Pocz\u0105tkowo by\u0142 tylko wolontariuszem pomagaj\u0105cym ludziom w ucieczce. Potem okaza\u0142o si\u0119, \u017ce jest to film, rodzaj kina drogi, w kt\u00f3rym bohaterowie opowiadaj\u0105 swoje historie.<\/p>\n<p>W filmie nie ma okropno\u015bci wojny, zabitych, rannych, zniszczonych dom\u00f3w. Jednak p\u0142ynny rytm opowie\u015bci, na pierwszy rzut oka spokojny i pozbawiony emocji, kontrastuje z tym, co si\u0119 dzieje. By\u0107 mo\u017ce ci ludzie, kt\u00f3rzy podr\u00f3\u017cuj\u0105 jak najdalej od wojny, nie maj\u0105 dok\u0105d wraca\u0107. Taka prosta, wr\u0119cz sk\u0105pa forma, kt\u00f3ra wiele pozostawia poza kadrem, skupia uwag\u0119 na ludziach tak bardzo, jak to tylko mo\u017cliwe.<\/p>\n<h2>\u015awi\u0119to Niepodleg\u0142o\u015bci<\/h2>\n<p>Re\u017cyseria: Volodymyr Tykhyi<\/p>\n<div class=\"jeg_video_container jeg_video_content\">\n<div class=\"jeg_video_container jeg_video_content\"><iframe loading=\"lazy\" title=\"\u0414\u0415\u041d\u042c \u041d\u0415\u0417\u0410\u041b\u0415\u0416\u041d\u041e\u0421\u0422\u0406\" width=\"500\" height=\"281\" src=\"https:\/\/www.youtube.com\/embed\/tWCSDibXMtk?feature=oembed\" frameborder=\"0\" allow=\"accelerometer; autoplay; clipboard-write; encrypted-media; gyroscope; picture-in-picture; web-share\" referrerpolicy=\"strict-origin-when-cross-origin\" allowfullscreen><\/iframe><\/div>\n<\/div>\n<p>24 sierpnia 2022 r. nakr\u0119cono film dokumentalny Wo\u0142odymyra Tykhyja &#8222;Dzie\u0144 Niepodleg\u0142o\u015bci&#8221;. Pracowa\u0142o nad nim jedenastu operator\u00f3w w r\u00f3\u017cnych miastach kraju. Widzimy ten dzie\u0144 razem z pracownikami Pa\u0144stwowej S\u0142u\u017cby ds. Sytuacji Nadzwyczajnych w Kijowie, funkcjonariuszami patrolu na pla\u017cach w Odessie, 14-letnim mieszka\u0144cem Charkowa, artyst\u0105 ze stolicy i by\u0142ym pos\u0142em ze Lwowa.<\/p>\n<p>Bohater\u00f3w filmu \u0142\u0105czy pierwszy Dzie\u0144 Niepodleg\u0142o\u015bci Ukrainy po inwazji na pe\u0142n\u0105 skal\u0119, kt\u00f3ry ju\u017c nigdy nie b\u0119dzie taki jak w przesz\u0142o\u015bci. Film jest logiczn\u0105 kontynuacj\u0105 filmu &#8222;Dzie\u0144 ukrai\u0144skiego Dorowala&#8221;, kt\u00f3ry wszed\u0142 na ekrany w zesz\u0142ym roku i zosta\u0142 zrealizowany t\u0105 sam\u0105 metod\u0105: film jest z\u0142o\u017cony jak puzzle.<\/p>\n<h2>Mirnyj-21<\/h2>\n<p>Re\u017cyseria: Akhtem Seitablayev<\/p>\n<div class=\"jeg_video_container jeg_video_content\">\n<div class=\"jeg_video_container jeg_video_content\"><iframe loading=\"lazy\" title=\"\u041c\u0438\u0440\u043d\u0438\u0439-21 | \u041e\u0444\u0456\u0446\u0456\u0439\u043d\u0438\u0439 \u0442\u0440\u0435\u0439\u043b\u0435\u0440 | \u041f\u0440\u0435\u043c\u2019\u0454\u0440\u0430 22.02.2023\" width=\"500\" height=\"281\" src=\"https:\/\/www.youtube.com\/embed\/KT2F_z7GgcE?feature=oembed\" frameborder=\"0\" allow=\"accelerometer; autoplay; clipboard-write; encrypted-media; gyroscope; picture-in-picture; web-share\" referrerpolicy=\"strict-origin-when-cross-origin\" allowfullscreen><\/iframe><\/div>\n<\/div>\n<p>Oczywi\u015bcie w czasie wojny wa\u017cn\u0105 rol\u0119 odgrywa film dokumentalny. Jednak filmy fabularne poruszaj\u0105 r\u00f3wnie\u017c wa\u017cne tematy. &#8222;Myrnyi-21&#8221; oparty jest na prawdziwych wydarzeniach, kt\u00f3re mia\u0142y miejsce w maju-czerwcu 2014 roku, kiedy to \u0141uga\u0144ski oddzia\u0142 graniczny stawia\u0142 op\u00f3r rosyjskim okupantom. Stra\u017cnicy graniczni byli niemal jedynymi, kt\u00f3rzy nie zdradzili kraju, a \u00f3wczesny dow\u00f3dca oddzia\u0142u Serhij Dejneko stan\u0105\u0142 p\u00f3\u017aniej na czele Pa\u0144stwowej S\u0142u\u017cby Granicznej.<\/p>\n<p>Jednak oczywiste jest r\u00f3wnie\u017c, \u017ce oparty na prawdziwej historii film jest dzie\u0142em fikcyjnym, kt\u00f3re zawiera w\u0142asn\u0105 fabu\u0142\u0119 i postacie, spekuluj\u0105c na temat tego, co naprawd\u0119 si\u0119 wydarzy\u0142o. Zdj\u0119cia odby\u0142y si\u0119 jesieni\u0105 2021 roku, premiera mia\u0142a odby\u0107 si\u0119 21 kwietnia 2022 roku, ale uniemo\u017cliwi\u0142a to wojna na pe\u0142n\u0105 skal\u0119. Dokona\u0142a korekt nie tylko w harmonogramie premier: w szeregach Si\u0142 Zbrojnych Ukrainy s\u0105 sam Achtem Seitablajew, aktorzy Maksym Devizorov, Oleksiy Trytenko. Inni zostali ochotnikami. A dla aktora Pavla Lee rola w &#8222;Peaceful 21&#8221; by\u0142a ostatni\u0105: zgin\u0105\u0142 w Irpieniu w marcu 2022 roku, pomagaj\u0105c w ewakuacji ludzi.<\/p>\n<h2>To randka<\/h2>\n<p>Re\u017cyseria: Nadia Parfan<\/p>\n<div class=\"jeg_video_container jeg_video_content\">\n<div class=\"jeg_video_container jeg_video_content\"><iframe loading=\"lazy\" title=\"\u0426\u0435 \u043f\u043e\u0431\u0430\u0447\u0435\u043d\u043d\u044f \/ It&#039;s a Date\" width=\"500\" height=\"281\" src=\"https:\/\/www.youtube.com\/embed\/C1F1YGvnLOI?feature=oembed\" frameborder=\"0\" allow=\"accelerometer; autoplay; clipboard-write; encrypted-media; gyroscope; picture-in-picture; web-share\" referrerpolicy=\"strict-origin-when-cross-origin\" allowfullscreen><\/iframe><\/div>\n<\/div>\n<p>To kr\u00f3tka opowie\u015b\u0107 o Kijowie w czasie wojny na pe\u0142n\u0105 skal\u0119. &#8222;Ta randka&#8221; by\u0142a pierwszym pe\u0142nometra\u017cowym filmem Nadii Parfan (&#8222;Iwano-Frankiwsk Teplokommunenergo \u015bpiewa&#8221;, &#8222;Nie chcia\u0142am robi\u0107 filmu o wojnie&#8221;), a tak\u017ce pierwszym projektem kina internetowego Takflix jej w\u0142asnej produkcji. Film by\u0142 pokazywany na Festiwalu Filmowym w Berlinie w 2023 roku w sekcji film\u00f3w kr\u00f3tkometra\u017cowych, gdzie otrzyma\u0142 specjalne wyr\u00f3\u017cnienie jury. Niedawno film bra\u0142 udzia\u0142 we lwowskim festiwalu Wiz-art.<\/p>\n<h2>Mariupol. Sto nocy<\/h2>\n<p>Re\u017cyseria: Sofia Melnyk<\/p>\n<div class=\"jeg_video_container jeg_video_content\">\n<div class=\"jeg_video_container jeg_video_content\"><iframe loading=\"lazy\" title=\"Mariupol. Sto nocy \/ Mariupol. A Hundred Nights re\u017c. Sofiia Melnyk - Trailer\" width=\"500\" height=\"281\" src=\"https:\/\/www.youtube.com\/embed\/7YlUT11Vh8E?feature=oembed\" frameborder=\"0\" allow=\"accelerometer; autoplay; clipboard-write; encrypted-media; gyroscope; picture-in-picture; web-share\" referrerpolicy=\"strict-origin-when-cross-origin\" allowfullscreen><\/iframe><\/div>\n<\/div>\n<p>Film animowany &#8222;Mariupol. Sto nocy&#8221; (<em>Na zdj\u0119ciu g\u0142\u00f3wnym<\/em>) udowadnia, \u017ce ka\u017cdy film, dokument, fabu\u0142a, a nawet animacja mog\u0105 opowiada\u0107 bolesne i istotne historie. Film opowiada o ma\u0142ej dziewczynce, kt\u00f3ra obudzi\u0142a si\u0119 24 lutego 2022 roku w wyniku eksplozji i pr\u00f3buje odnale\u017a\u0107 kogo\u015b \u017cywego w p\u0142on\u0105cym mie\u015bcie.<\/p>\n<p>Pierwowzorem g\u0142\u00f3wnej bohaterki by\u0142a czteroletnia Alisa, kt\u00f3ra prze\u017cy\u0142a obl\u0119\u017cenie Mariupola, w ostatnich tygodniach obrony miasta przebywa\u0142a w Azowstalu, a po ewakuacji z zak\u0142adu rosyjscy okupanci uwi\u0119zili jej matk\u0119.<\/p>\n<p>Film zdoby\u0142 nagrod\u0119 Kinokolo dla najlepszego filmu animowanego, a tak\u017ce nagrody na kilku festiwalach. Niedawno film bra\u0142 udzia\u0142 we lwowskim festiwalu Wiz-art.<\/p>\n","protected":false},"excerpt":{"rendered":"<p>Wojna rosyjsko-ukrai\u0144ska jest centralnym tematem ukrai\u0144skiego kina od 2014 roku. Filmy takie jak na przyk\u0142ad. &#8222;Cyborgi&#8221;, &#8222;Odbicie&#8221;, &#8222;Z\u0142e drogi&#8221; by\u0142y na festiwalach, na listach nagr\u00f3d filmowych i w box office. W tym roku wiele uwagi \u015bwiata filmowego skupi\u0142o si\u0119 na filmie &#8222;20 dni w Mariupolu&#8221;, kt\u00f3ry znalaz\u0142 si\u0119 na dw\u00f3ch oscarowych shortlistach. Przypominamy o kilku [&hellip;]<\/p>\n","protected":false},"author":1,"featured_media":21831,"comment_status":"closed","ping_status":"closed","sticky":false,"template":"","format":"standard","meta":{"footnotes":""},"categories":[1],"tags":[726,9],"class_list":["post-21830","post","type-post","status-publish","format-standard","has-post-thumbnail","hentry","category-wojna","tag-film","tag-wojna-rosyjsko-ukrainska"],"_links":{"self":[{"href":"https:\/\/ruwar.org\/pl\/wp-json\/wp\/v2\/posts\/21830","targetHints":{"allow":["GET"]}}],"collection":[{"href":"https:\/\/ruwar.org\/pl\/wp-json\/wp\/v2\/posts"}],"about":[{"href":"https:\/\/ruwar.org\/pl\/wp-json\/wp\/v2\/types\/post"}],"author":[{"embeddable":true,"href":"https:\/\/ruwar.org\/pl\/wp-json\/wp\/v2\/users\/1"}],"replies":[{"embeddable":true,"href":"https:\/\/ruwar.org\/pl\/wp-json\/wp\/v2\/comments?post=21830"}],"version-history":[{"count":0,"href":"https:\/\/ruwar.org\/pl\/wp-json\/wp\/v2\/posts\/21830\/revisions"}],"wp:featuredmedia":[{"embeddable":true,"href":"https:\/\/ruwar.org\/pl\/wp-json\/wp\/v2\/media\/21831"}],"wp:attachment":[{"href":"https:\/\/ruwar.org\/pl\/wp-json\/wp\/v2\/media?parent=21830"}],"wp:term":[{"taxonomy":"category","embeddable":true,"href":"https:\/\/ruwar.org\/pl\/wp-json\/wp\/v2\/categories?post=21830"},{"taxonomy":"post_tag","embeddable":true,"href":"https:\/\/ruwar.org\/pl\/wp-json\/wp\/v2\/tags?post=21830"}],"curies":[{"name":"wp","href":"https:\/\/api.w.org\/{rel}","templated":true}]}}