{"id":21793,"date":"2023-12-29T11:25:12","date_gmt":"2023-12-29T10:25:12","guid":{"rendered":"https:\/\/razvedka.info\/pl\/2023-12-mieszkaniec-obwodu-rowienskiego-odmowil-walki-i-powiedzial-ze-wolalby-isc-do-wiezienia\/"},"modified":"2023-12-29T11:25:12","modified_gmt":"2023-12-29T10:25:12","slug":"mieszkaniec-obwodu-rowienskiego-odmowil-walki-i-powiedzial-ze-wolalby-isc-do-wiezienia","status":"publish","type":"post","link":"https:\/\/ruwar.org\/pl\/2023-12-mieszkaniec-obwodu-rowienskiego-odmowil-walki-i-powiedzial-ze-wolalby-isc-do-wiezienia\/","title":{"rendered":"Mieszkaniec obwodu r\u00f3wie\u0144skiego odm\u00f3wi\u0142 walki i powiedzia\u0142, \u017ce wola\u0142by i\u015b\u0107 do wi\u0119zienia"},"content":{"rendered":"<p>S\u0105d Rejonowy dla miasta Dubna obwodu r\u00f3wie\u0144skiego skaza\u0142 O\u0142eksandra G., kt\u00f3ry odm\u00f3wi\u0142 s\u0142u\u017cby w Si\u0142ach Zbrojnych Ukrainy i powiedzia\u0142, \u017ce wola\u0142by i\u015b\u0107 do wi\u0119zienia. Za uchylanie si\u0119 od mobilizacji mieszkaniec obwodu r\u00f3wie\u0144skiego zosta\u0142 skazany na trzy lata wi\u0119zienia.<\/p>\n<p>Jak wynika z wyroku s\u0105du wydanego w grudniu 2023 r., O\u0142eksandr G., pochodz\u0105cy z rejonu dubne\u0144skiego, odm\u00f3wi\u0142 przyj\u0119cia wezwania do s\u0142u\u017cby wojskowej w dniu 15 maja 2023 r. Wszcz\u0119to przeciwko niemu spraw\u0119 karn\u0105 za uchylanie si\u0119 od poboru.<\/p>\n<p>W s\u0105dzie oskar\u017cony przyzna\u0142 si\u0119 do winy i o\u015bwiadczy\u0142, \u017ce nie chce s\u0142u\u017cy\u0107 w si\u0142ach zbrojnych, poniewa\u017c jego matka jest chora i b\u0119dzie pozostawiona bez opieki. M\u0105\u017c nie mia\u0142 podstaw prawnych do odroczenia opieki lub choroby, matka nie ma grupy inwalidzkiej. Alexander G. stwierdzi\u0142, \u017ce &#8222;<em>Nie chce pe\u0142ni\u0107 s\u0142u\u017cby wojskowej i jest got\u00f3w odby\u0107 prawdziwy wyrok zamiast by\u0107 w wojsku, cho\u0107 jego matka zostanie sama<\/em>\u00bb. Jest uczestnikiem dzia\u0142a\u0144 wojennych, zosta\u0142 skazany za bezprawne porzucenie s\u0142u\u017cby, odby\u0142 okres pr\u00f3bny, a od 2016 r. nie s\u0142u\u017cy i nie chce tego robi\u0107.<\/p>\n<p>Spraw\u0119 rozpatrzy\u0142 s\u0105d, kt\u00f3ry uzna\u0142 mieszka\u0144ca obwodu r\u00f3wie\u0144skiego za winnego uchylania si\u0119 od mobilizacji i skaza\u0142 go na trzy lata wi\u0119zienia. Od wyroku mo\u017cna si\u0119 jeszcze odwo\u0142a\u0107.<\/p>\n","protected":false},"excerpt":{"rendered":"<p>S\u0105d Rejonowy dla miasta Dubna obwodu r\u00f3wie\u0144skiego skaza\u0142 O\u0142eksandra G., kt\u00f3ry odm\u00f3wi\u0142 s\u0142u\u017cby w Si\u0142ach Zbrojnych Ukrainy i powiedzia\u0142, \u017ce wola\u0142by i\u015b\u0107 do wi\u0119zienia. Za uchylanie si\u0119 od mobilizacji mieszkaniec obwodu r\u00f3wie\u0144skiego zosta\u0142 skazany na trzy lata wi\u0119zienia. Jak wynika z wyroku s\u0105du wydanego w grudniu 2023 r., O\u0142eksandr G., pochodz\u0105cy z rejonu dubne\u0144skiego, odm\u00f3wi\u0142 [&hellip;]<\/p>\n","protected":false},"author":1,"featured_media":21794,"comment_status":"closed","ping_status":"closed","sticky":false,"template":"","format":"standard","meta":{"footnotes":""},"categories":[1],"tags":[],"class_list":["post-21793","post","type-post","status-publish","format-standard","has-post-thumbnail","hentry","category-wojna"],"_links":{"self":[{"href":"https:\/\/ruwar.org\/pl\/wp-json\/wp\/v2\/posts\/21793","targetHints":{"allow":["GET"]}}],"collection":[{"href":"https:\/\/ruwar.org\/pl\/wp-json\/wp\/v2\/posts"}],"about":[{"href":"https:\/\/ruwar.org\/pl\/wp-json\/wp\/v2\/types\/post"}],"author":[{"embeddable":true,"href":"https:\/\/ruwar.org\/pl\/wp-json\/wp\/v2\/users\/1"}],"replies":[{"embeddable":true,"href":"https:\/\/ruwar.org\/pl\/wp-json\/wp\/v2\/comments?post=21793"}],"version-history":[{"count":0,"href":"https:\/\/ruwar.org\/pl\/wp-json\/wp\/v2\/posts\/21793\/revisions"}],"wp:featuredmedia":[{"embeddable":true,"href":"https:\/\/ruwar.org\/pl\/wp-json\/wp\/v2\/media\/21794"}],"wp:attachment":[{"href":"https:\/\/ruwar.org\/pl\/wp-json\/wp\/v2\/media?parent=21793"}],"wp:term":[{"taxonomy":"category","embeddable":true,"href":"https:\/\/ruwar.org\/pl\/wp-json\/wp\/v2\/categories?post=21793"},{"taxonomy":"post_tag","embeddable":true,"href":"https:\/\/ruwar.org\/pl\/wp-json\/wp\/v2\/tags?post=21793"}],"curies":[{"name":"wp","href":"https:\/\/api.w.org\/{rel}","templated":true}]}}