{"id":21708,"date":"2023-12-24T15:20:06","date_gmt":"2023-12-24T14:20:06","guid":{"rendered":"https:\/\/razvedka.info\/pl\/2023-12-umerow-namawial-do-rozmow-o-demobilizacji-po-wojnie\/"},"modified":"2023-12-24T15:20:06","modified_gmt":"2023-12-24T14:20:06","slug":"umerow-namawial-do-rozmow-o-demobilizacji-po-wojnie","status":"publish","type":"post","link":"https:\/\/ruwar.org\/pl\/2023-12-umerow-namawial-do-rozmow-o-demobilizacji-po-wojnie\/","title":{"rendered":"Umerow namawia\u0142 do rozm\u00f3w o demobilizacji po wojnie"},"content":{"rendered":"<p>Minister obrony Rustem Umerov powiedzia\u0142, \u017ce termin &#8222;demobilizacja&#8221; nie powinien by\u0107 u\u017cywany do ko\u0144ca wojny, ale wojsko b\u0119dzie mog\u0142o odpocz\u0105\u0107 lub cz\u0119\u015bciowo zwolni\u0107, a w\u0142adze pracuj\u0105 obecnie nad t\u0105 kwesti\u0105. Umerow z\u0142o\u017cy\u0142 takie o\u015bwiadczenie w <a rel=\"nofollow noopener\" target=\"_blank\" href=\"https:\/\/suspilne.media\/646502-sluziti-ce-cest-a-ne-pokaranna-ministr-oboroni-umerov-pro-mobilizaciu-zbrou-ta-borotbu-z-korupcieu\/\">wywiad<\/a> Suspilne.<\/p>\n<p>Wed\u0142ug Umerowa Ministerstwo Obrony znalaz\u0142o rozwi\u0105zania, kt\u00f3re pozwol\u0105 wojsku odpocz\u0105\u0107 bez demobilizacji.<\/p>\n<p>\u00ab<em>S\u0142owa &#8222;demobilizacja&#8221; mo\u017cemy u\u017cy\u0107 dopiero po zako\u0144czeniu wojny. Poniewa\u017c wr\u00f3g kontynuuje dzia\u0142ania wojenne, znale\u017ali\u015bmy rozwi\u0105zania, kt\u00f3re pozwol\u0105 osobie, kt\u00f3ra przebywa\u0142a w obwodzie przez dwa lata, zrozumie\u0107, jakie zasady b\u0119d\u0105 obowi\u0105zywa\u0107, aby mog\u0142a odpocz\u0105\u0107 lub zosta\u0107 cz\u0119\u015bciowo wyzwolona<\/em>&#8222;, powiedzia\u0142 Rustem Umerov.<\/p>\n<p>Wed\u0142ug niego, je\u015bli rz\u0105d chce pom\u00f3c spo\u0142ecze\u0144stwu, musi wyja\u015bni\u0107, w jaki spos\u00f3b b\u0119dzie si\u0119 odbywa\u0142a mobilizacja, demobilizacja, odroczenie, ochrona socjalna itp., aby s\u0142u\u017cba wojskowa &#8222;nie by\u0142a postrzegana jako kara&#8221;.<\/p>\n<p>Obecnie Rada Najwy\u017csza przygotowuje projekt ustawy, kt\u00f3ra ma zmieni\u0107 proces mobilizacji i demobilizacji wojska. Ostateczna wersja projektu ustawy nie zosta\u0142a jeszcze uzgodniona ze wzgl\u0119du na szereg zasadniczych kwestii. W szczeg\u00f3lno\u015bci o warunkach demobilizacji tych, kt\u00f3rzy od prawie dw\u00f3ch lat broni\u0105 kraju.<\/p>\n","protected":false},"excerpt":{"rendered":"<p>Minister obrony Rustem Umerov powiedzia\u0142, \u017ce termin &#8222;demobilizacja&#8221; nie powinien by\u0107 u\u017cywany do ko\u0144ca wojny, ale wojsko b\u0119dzie mog\u0142o odpocz\u0105\u0107 lub cz\u0119\u015bciowo zwolni\u0107, a w\u0142adze pracuj\u0105 obecnie nad t\u0105 kwesti\u0105. Umerow z\u0142o\u017cy\u0142 takie o\u015bwiadczenie w wywiad Suspilne. Wed\u0142ug Umerowa Ministerstwo Obrony znalaz\u0142o rozwi\u0105zania, kt\u00f3re pozwol\u0105 wojsku odpocz\u0105\u0107 bez demobilizacji. \u00abS\u0142owa &#8222;demobilizacja&#8221; mo\u017cemy u\u017cy\u0107 dopiero po [&hellip;]<\/p>\n","protected":false},"author":1,"featured_media":21709,"comment_status":"closed","ping_status":"closed","sticky":false,"template":"","format":"standard","meta":{"footnotes":""},"categories":[1],"tags":[53,2525,21],"class_list":["post-21708","post","type-post","status-publish","format-standard","has-post-thumbnail","hentry","category-wojna","tag-mobilizacja","tag-rustem-umerov","tag-sily-zbrojne-ukrainy"],"_links":{"self":[{"href":"https:\/\/ruwar.org\/pl\/wp-json\/wp\/v2\/posts\/21708","targetHints":{"allow":["GET"]}}],"collection":[{"href":"https:\/\/ruwar.org\/pl\/wp-json\/wp\/v2\/posts"}],"about":[{"href":"https:\/\/ruwar.org\/pl\/wp-json\/wp\/v2\/types\/post"}],"author":[{"embeddable":true,"href":"https:\/\/ruwar.org\/pl\/wp-json\/wp\/v2\/users\/1"}],"replies":[{"embeddable":true,"href":"https:\/\/ruwar.org\/pl\/wp-json\/wp\/v2\/comments?post=21708"}],"version-history":[{"count":0,"href":"https:\/\/ruwar.org\/pl\/wp-json\/wp\/v2\/posts\/21708\/revisions"}],"wp:featuredmedia":[{"embeddable":true,"href":"https:\/\/ruwar.org\/pl\/wp-json\/wp\/v2\/media\/21709"}],"wp:attachment":[{"href":"https:\/\/ruwar.org\/pl\/wp-json\/wp\/v2\/media?parent=21708"}],"wp:term":[{"taxonomy":"category","embeddable":true,"href":"https:\/\/ruwar.org\/pl\/wp-json\/wp\/v2\/categories?post=21708"},{"taxonomy":"post_tag","embeddable":true,"href":"https:\/\/ruwar.org\/pl\/wp-json\/wp\/v2\/tags?post=21708"}],"curies":[{"name":"wp","href":"https:\/\/api.w.org\/{rel}","templated":true}]}}