{"id":21620,"date":"2023-12-16T17:09:05","date_gmt":"2023-12-16T16:09:05","guid":{"rendered":"https:\/\/razvedka.info\/pl\/2023-12-we-lwowie-pracownicy-tcc-prowadza-kampanie-na-ulicach\/"},"modified":"2023-12-16T17:09:05","modified_gmt":"2023-12-16T16:09:05","slug":"we-lwowie-pracownicy-tcc-prowadza-kampanie-na-ulicach","status":"publish","type":"post","link":"https:\/\/ruwar.org\/pl\/2023-12-we-lwowie-pracownicy-tcc-prowadza-kampanie-na-ulicach\/","title":{"rendered":"We Lwowie pracownicy TCC prowadz\u0105 kampanie na ulicach"},"content":{"rendered":"<p>Pracownicy TCC prowadz\u0105 akcje na ulicach Lwowa, opowiadaj\u0105c przechodniom w wieku poborowym o korzy\u015bciach p\u0142yn\u0105cych ze s\u0142u\u017cby wojskowej w ramach kontraktu. Poinformowa\u0142 o tym Lwowski Okr\u0119gowy Komitet Wyborczy i SP.<\/p>\n<p>&#8222;Z udzia\u0142em \u017co\u0142nierzy wydzia\u0142u rekrutacji i obsady galicko-frankiwskiego ORTCC i SP przeprowadza si\u0119 szereg wydarze\u0144 propagandowych maj\u0105cych na celu poinformowanie obywateli o mo\u017cliwo\u015bci i korzy\u015bciach p\u0142yn\u0105cych ze s\u0142u\u017cby wojskowej w ramach kontraktu, wraz z przedstawicielami Si\u0142 Powietrzno-Szturmowych&#8221; \u2013 czytamy w komunikacie rozes\u0142anym w sobot\u0119 16 grudnia.<\/p>\n<p>Lwowski Obwodowy Komitet Techniczny poinformowa\u0142 nas, \u017ce takie imprezy odbywaj\u0105 si\u0119 regularnie.<\/p>\n<div id=\"gallery-1\" class=\"gallery galleryid-119367 gallery-columns-2 gallery-size-medium\">\n<figure class=\"gallery-item\">\n<div class=\"gallery-icon landscape\">\t\t\t\t<a href=\"https:\/\/news.blog.net.ua\/media\/2023\/12\/Pratsivnyky-viyskkomativ-vyyshly-na-vulytsi.jpg\" target=\"_blank\" rel=\"noopener\"><img loading=\"lazy\" data-perfmatters-preload decoding=\"async\" width=\"300\" height=\"226\" src=\"https:\/\/razvedka.info\/pl\/media\/2023\/12\/We-Lwowie-pracownicy-TCC-prowadza-kampanie-na-ulicach.jpg\" class=\"attachment-medium size-medium\" alt=\"Pratsivnyky viyskkomativ vyyshly na vulytsi\"   title=\"We Lwowie pracownicy TCC prowadz\u0105 kampanie na ulicach\"><\/a>\t\t\t<\/div>\n<\/figure>\n<figure class=\"gallery-item\">\n<div class=\"gallery-icon landscape\">\t\t\t\t<a href=\"https:\/\/news.blog.net.ua\/media\/2023\/12\/Pratsivnyky-viyskkomativ-pryyshly-v-apteku.jpg\" target=\"_blank\" rel=\"noopener\"><img loading=\"lazy\" data-perfmatters-preload decoding=\"async\" width=\"300\" height=\"226\" src=\"https:\/\/razvedka.info\/pl\/media\/2023\/12\/1703069426_255_We-Lwowie-pracownicy-TCC-prowadza-kampanie-na-ulicach.jpg\" class=\"attachment-medium size-medium\" alt=\"Pratsivnyky viyskkomativ pryyshly v apteku\"   title=\"We Lwowie pracownicy TCC prowadz\u0105 kampanie na ulicach\"><\/a>\t\t\t<\/div>\n<\/figure><\/div>\n<p style=\"text-align: center;\"><em>Pracownicy wojskowych urz\u0119d\u00f3w rejestracji i poboru wyszli na ulice w celach edukacyjnych (fot. regionalny TCC)<\/em><\/p>\n<p>TCC przypomina, \u017ce obywatele w wieku 18-60 lat s\u0105 przyjmowani do s\u0142u\u017cby wojskowej na podstawie kontraktu. G\u0142\u00f3wne wymagania podczas procesu selekcji to:<\/p>\n<ul>\n<li>stan zdrowia i zdolno\u015b\u0107 do s\u0142u\u017cby wojskowej wed\u0142ug wska\u017anik\u00f3w doboru medycznego i zawodowego;<\/li>\n<li>sprawno\u015b\u0107 fizyczna i stabilno\u015b\u0107 psychiczna kandydata do s\u0142u\u017cby wojskowej;<\/li>\n<li>poziom wykszta\u0142cenia og\u00f3lnego;<\/li>\n<li>motywacja do s\u0142u\u017cby wojskowej;<\/li>\n<li>brak wpisu do rejestru karnego;<\/li>\n<li>poziom kszta\u0142towania warto\u015bci ideologicznych, cech moralnych i zawodowych.<\/li>\n<\/ul>\n<p>Bardziej szczeg\u00f3\u0142owe informacje mo\u017cna uzyska\u0107 od RTCC i SP w miejscu rejestracji.<\/p>\n","protected":false},"excerpt":{"rendered":"<p>Pracownicy TCC prowadz\u0105 akcje na ulicach Lwowa, opowiadaj\u0105c przechodniom w wieku poborowym o korzy\u015bciach p\u0142yn\u0105cych ze s\u0142u\u017cby wojskowej w ramach kontraktu. Poinformowa\u0142 o tym Lwowski Okr\u0119gowy Komitet Wyborczy i SP. &#8222;Z udzia\u0142em \u017co\u0142nierzy wydzia\u0142u rekrutacji i obsady galicko-frankiwskiego ORTCC i SP przeprowadza si\u0119 szereg wydarze\u0144 propagandowych maj\u0105cych na celu poinformowanie obywateli o mo\u017cliwo\u015bci i korzy\u015bciach [&hellip;]<\/p>\n","protected":false},"author":1,"featured_media":21525,"comment_status":"closed","ping_status":"closed","sticky":false,"template":"","format":"standard","meta":{"footnotes":""},"categories":[1],"tags":[53,21,9],"class_list":["post-21620","post","type-post","status-publish","format-standard","has-post-thumbnail","hentry","category-wojna","tag-mobilizacja","tag-sily-zbrojne-ukrainy","tag-wojna-rosyjsko-ukrainska"],"_links":{"self":[{"href":"https:\/\/ruwar.org\/pl\/wp-json\/wp\/v2\/posts\/21620","targetHints":{"allow":["GET"]}}],"collection":[{"href":"https:\/\/ruwar.org\/pl\/wp-json\/wp\/v2\/posts"}],"about":[{"href":"https:\/\/ruwar.org\/pl\/wp-json\/wp\/v2\/types\/post"}],"author":[{"embeddable":true,"href":"https:\/\/ruwar.org\/pl\/wp-json\/wp\/v2\/users\/1"}],"replies":[{"embeddable":true,"href":"https:\/\/ruwar.org\/pl\/wp-json\/wp\/v2\/comments?post=21620"}],"version-history":[{"count":0,"href":"https:\/\/ruwar.org\/pl\/wp-json\/wp\/v2\/posts\/21620\/revisions"}],"wp:featuredmedia":[{"embeddable":true,"href":"https:\/\/ruwar.org\/pl\/wp-json\/wp\/v2\/media\/21525"}],"wp:attachment":[{"href":"https:\/\/ruwar.org\/pl\/wp-json\/wp\/v2\/media?parent=21620"}],"wp:term":[{"taxonomy":"category","embeddable":true,"href":"https:\/\/ruwar.org\/pl\/wp-json\/wp\/v2\/categories?post=21620"},{"taxonomy":"post_tag","embeddable":true,"href":"https:\/\/ruwar.org\/pl\/wp-json\/wp\/v2\/tags?post=21620"}],"curies":[{"name":"wp","href":"https:\/\/api.w.org\/{rel}","templated":true}]}}