{"id":21562,"date":"2023-12-18T12:39:03","date_gmt":"2023-12-18T11:39:03","guid":{"rendered":"https:\/\/razvedka.info\/pl\/2023-12-trudne-decyzje-czekaja-ukrainskie-wladze-z-powodu-trudnosci-z-mobilizacja-the-economist\/"},"modified":"2023-12-18T12:39:03","modified_gmt":"2023-12-18T11:39:03","slug":"trudne-decyzje-czekaja-ukrainskie-wladze-z-powodu-trudnosci-z-mobilizacja-the-economist","status":"publish","type":"post","link":"https:\/\/ruwar.org\/pl\/2023-12-trudne-decyzje-czekaja-ukrainskie-wladze-z-powodu-trudnosci-z-mobilizacja-the-economist\/","title":{"rendered":"&#8222;Trudne decyzje&#8221; czekaj\u0105 ukrai\u0144skie w\u0142adze z powodu trudno\u015bci z mobilizacj\u0105 &#8211; The Economist"},"content":{"rendered":"<p>Ukraina ma problemy z rekrutacj\u0105 rekrut\u00f3w w szeregi Si\u0142 Zbrojnych, dlatego Kij\u00f3w ma przed sob\u0105 &#8222;trudne decyzje&#8221;. To prognoza na 18 grudnia <a rel=\"nofollow noopener\" target=\"_blank\" href=\"https:\/\/www.economist.com\/europe\/2023\/12\/17\/ukraines-army-is-struggling-to-find-good-recruits\">Wykonane<\/a> wydanie The Economist.<\/p>\n<p>Zdaj\u0105c sobie spraw\u0119 z problem\u00f3w z mobilizacj\u0105, Ministerstwo Obrony Ukrainy rozpocz\u0119\u0142o prace nad now\u0105 strategi\u0105 mobilizacji. Rzecznik Ministerstwa Obrony Illarion Pavliuk powiedzia\u0142 &#8222;The Economist&#8221;, \u017ce cz\u0119\u015b\u0107 problemu tkwi w sukcesach armii \u2013 wielu obywateli nie postrzega ju\u017c wojny w kontek\u015bcie egzystencjalnym, jak to mia\u0142o miejsce bezpo\u015brednio po inwazji Rosji w lutym 2022 roku.<\/p>\n<p>&#8222;Niekt\u00f3rzy ludzie b\u0142\u0119dnie wierz\u0105, \u017ce jest kto\u015b inny, kto mo\u017ce wykona\u0107 t\u0119 prac\u0119 za nich&#8221; \u2013 m\u00f3wi.<\/p>\n<p>Zauwa\u017ca si\u0119, \u017ce reformy maj\u0105 na celu zapewnienie tym, kt\u00f3rzy si\u0119 wahaj\u0105, wi\u0119kszego wyboru: rekruci mog\u0105, w mniejszym lub wi\u0119kszym stopniu, zapisa\u0107 si\u0119 na okre\u015blone stanowisko.<\/p>\n<p>Nowy rejestr cyfrowy poprawi zrozumienie Ministerstwa Zasob\u00f3w Ludzkich Ukrainy. B\u0119dzie bardziej przejrzysty system odpoczynku i rotacji. W ko\u0144cu ochotnicy b\u0119d\u0105 mobilizowani na pewien czas, a nie w niesko\u0144czono\u015b\u0107, jak ma to miejsce obecnie.<\/p>\n<p>Jednocze\u015bnie Wiktor Jewluk, pu\u0142kownik w stanie spoczynku, kt\u00f3ry od 2014 roku kieruje realizacj\u0105 polityki mobilizacyjnej dla zachodniej cz\u0119\u015bci Ukrainy, m\u00f3wi, \u017ce Ukrainie grozi wpadni\u0119cie w pu\u0142apk\u0119. Jego zdaniem Rosja zintensyfikuje mobilizacj\u0119 po zako\u0144czeniu marcowych wybor\u00f3w prezydenckich. G\u0142\u00f3wny Zarz\u0105d Wywiadu zgadza si\u0119 z nim.<\/p>\n<p>Publikacja wskazuje, \u017ce przez ca\u0142\u0105 wojn\u0119 prezydent Wo\u0142odymyr Ze\u0142enski opiera\u0142 si\u0119 maksymalistycznym wezwaniom swoich wojskowych do rekrutacji. Na przyk\u0142ad jego genera\u0142owie nalegali na obni\u017cenie wieku, w kt\u00f3rym mo\u017cna zmobilizowa\u0107 osoby, kt\u00f3re nie s\u0105 rezerwistami. Inni sugerowali \u015bci\u015blejsze wdra\u017canie przepis\u00f3w dotycz\u0105cych mobilizacji.<\/p>\n<p>The Economist pisze, \u017ce prezydent cz\u0119\u015bciowo motywowa\u0142 swoje decyzje wzgl\u0119dami politycznymi, tak jakby nie chcia\u0142 niepotrzebnie dra\u017cni\u0107 spo\u0142ecze\u0144stwa. Ale Ze\u0142enski, jak uwa\u017ca gazeta, kieruje si\u0119 te\u017c bardziej szlachetnymi wzgl\u0119dami.<\/p>\n<p>&#8222;Ze\u0142enski chce post\u0105pi\u0107 w\u0142a\u015bciwie w stosunku do Ukrai\u0144c\u00f3w. On nie chce by\u0107 dyktatorem&#8221; \u2013 powiedzia\u0142o gazecie wysokie rang\u0105 \u017ar\u00f3d\u0142o rz\u0105dowe.<\/p>\n<p>Publikacja przewiduje, \u017ce w\u0142adze czekaj\u0105 trudne decyzje. Jednak niekt\u00f3rzy urz\u0119dnicy preferuj\u0105 bardziej konsensualne podej\u015bcie. Wysokie rang\u0105 \u017ar\u00f3d\u0142o przewiduje kampanie medialne promuj\u0105ce &#8222;po\u015bwi\u0119cenie narodowe&#8221; i ostrzegaj\u0105ce, \u017ce Rosja nadal stanowi zagro\u017cenie egzystencjalne. Wyzwaniem jest przekonanie potencjalnych rekrut\u00f3w.<\/p>\n","protected":false},"excerpt":{"rendered":"<p>Ukraina ma problemy z rekrutacj\u0105 rekrut\u00f3w w szeregi Si\u0142 Zbrojnych, dlatego Kij\u00f3w ma przed sob\u0105 &#8222;trudne decyzje&#8221;. To prognoza na 18 grudnia Wykonane wydanie The Economist. Zdaj\u0105c sobie spraw\u0119 z problem\u00f3w z mobilizacj\u0105, Ministerstwo Obrony Ukrainy rozpocz\u0119\u0142o prace nad now\u0105 strategi\u0105 mobilizacji. Rzecznik Ministerstwa Obrony Illarion Pavliuk powiedzia\u0142 &#8222;The Economist&#8221;, \u017ce cz\u0119\u015b\u0107 problemu tkwi w [&hellip;]<\/p>\n","protected":false},"author":1,"featured_media":21563,"comment_status":"closed","ping_status":"closed","sticky":false,"template":"","format":"standard","meta":{"footnotes":""},"categories":[1],"tags":[53,9],"class_list":["post-21562","post","type-post","status-publish","format-standard","has-post-thumbnail","hentry","category-wojna","tag-mobilizacja","tag-wojna-rosyjsko-ukrainska"],"_links":{"self":[{"href":"https:\/\/ruwar.org\/pl\/wp-json\/wp\/v2\/posts\/21562","targetHints":{"allow":["GET"]}}],"collection":[{"href":"https:\/\/ruwar.org\/pl\/wp-json\/wp\/v2\/posts"}],"about":[{"href":"https:\/\/ruwar.org\/pl\/wp-json\/wp\/v2\/types\/post"}],"author":[{"embeddable":true,"href":"https:\/\/ruwar.org\/pl\/wp-json\/wp\/v2\/users\/1"}],"replies":[{"embeddable":true,"href":"https:\/\/ruwar.org\/pl\/wp-json\/wp\/v2\/comments?post=21562"}],"version-history":[{"count":0,"href":"https:\/\/ruwar.org\/pl\/wp-json\/wp\/v2\/posts\/21562\/revisions"}],"wp:featuredmedia":[{"embeddable":true,"href":"https:\/\/ruwar.org\/pl\/wp-json\/wp\/v2\/media\/21563"}],"wp:attachment":[{"href":"https:\/\/ruwar.org\/pl\/wp-json\/wp\/v2\/media?parent=21562"}],"wp:term":[{"taxonomy":"category","embeddable":true,"href":"https:\/\/ruwar.org\/pl\/wp-json\/wp\/v2\/categories?post=21562"},{"taxonomy":"post_tag","embeddable":true,"href":"https:\/\/ruwar.org\/pl\/wp-json\/wp\/v2\/tags?post=21562"}],"curies":[{"name":"wp","href":"https:\/\/api.w.org\/{rel}","templated":true}]}}