{"id":21170,"date":"2023-12-01T11:09:05","date_gmt":"2023-12-01T10:09:05","guid":{"rendered":"https:\/\/razvedka.info\/pl\/2023-12-wiekszosc-ukraincow-spodziewa-sie-pozytywnych-zmian-na-froncie-zima\/"},"modified":"2023-12-01T11:09:05","modified_gmt":"2023-12-01T10:09:05","slug":"wiekszosc-ukraincow-spodziewa-sie-pozytywnych-zmian-na-froncie-zima","status":"publish","type":"post","link":"https:\/\/ruwar.org\/pl\/2023-12-wiekszosc-ukraincow-spodziewa-sie-pozytywnych-zmian-na-froncie-zima\/","title":{"rendered":"Wi\u0119kszo\u015b\u0107 Ukrai\u0144c\u00f3w spodziewa si\u0119 pozytywnych zmian na froncie zim\u0105"},"content":{"rendered":"<p>Wi\u0119kszo\u015b\u0107 Ukrai\u0144c\u00f3w ma nadziej\u0119, \u017ce tej zimy nast\u0105pi poprawa sytuacji na froncie. \u015awiadcz\u0105 o tym niedawne <a rel=\"nofollow noopener\" target=\"_blank\" href=\"https:\/\/ratinggroup.ua\/research\/ukraine\/dvadcyat_piyate_zagalnonacionalne_opituvanny_spriynyattazagroz_na_zimu_2023-2024.html\">sondowanie<\/a> Grupa socjologiczna &#8222;Ocena&#8221;.<\/p>\n<p>W szczeg\u00f3lno\u015bci opini\u0119 t\u0119 podzielaj\u0105 <strong>46%<\/strong> obywateli Ukrainy. W tym samym czasie<strong> 32%<\/strong> Ukrai\u0144cy oczekuj\u0105, \u017ce sytuacja pozostanie taka sama jak obecnie. Oznacza to, \u017ce nic si\u0119 nie zmieni. W tym samym czasie <strong>12% <\/strong>uwa\u017caj\u0105, \u017ce sytuacja mo\u017ce si\u0119 pogorszy\u0107.<\/p>\n<p style=\"text-align: center;\"><span class=\"lazyload-holder\" style=\"padding-bottom: 64.60268317853458%;\"><br \/><noscript><br \/>    <img loading=\"lazy\" data-perfmatters-preload=\"4\" decoding=\"async\" alt=\"Bilshist ukraintsiv vzymku ochikuiut pozytyvnykh zmin na fronti\" original-height=\"626\" original-width=\"969\" src=\"https:\/\/razvedka.info\/pl\/media\/2023\/12\/Wiekszosc-Ukraincow-spodziewa-sie-pozytywnych-zmian-na-froncie-zima.jpg\" width=\"640\" height=\"413\" title=\"Wi\u0119kszo\u015b\u0107 Ukrai\u0144c\u00f3w spodziewa si\u0119 pozytywnych zmian na froncie zim\u0105\"><br \/>   <\/noscript><img loading=\"lazy\" data-perfmatters-preload=\"5\" decoding=\"async\" src=\"https:\/\/razvedka.info\/pl\/media\/2023\/12\/Wiekszosc-Ukraincow-spodziewa-sie-pozytywnych-zmian-na-froncie-zima.jpg\" width=\"640\" height=\"413\" class=\"lazyload lazy-img-blur-up\" alt=\"Bilshist ukraintsiv vzymku ochikuiut pozytyvnykh zmin na fronti\" data- title=\"Wi\u0119kszo\u015b\u0107 Ukrai\u0144c\u00f3w spodziewa si\u0119 pozytywnych zmian na froncie zim\u0105\"><\/span><span class=\"news-page-photo-name\">infografika Grupy Socjologicznej &#8222;Ocena&#8221;<\/span><\/p>\n<p>Nale\u017cy r\u00f3wnie\u017c zauwa\u017cy\u0107, \u017ce og\u00f3lnie rzecz bior\u0105c, <strong>51% <\/strong>Ukrai\u0144cy wierz\u0105, \u017ce tej zimy wszystko w kraju pozostanie po staremu. Oznacza to, \u017ce nie nale\u017cy spodziewa\u0107 si\u0119 powa\u017cnych zmian. Bo co si\u0119 zmieni, to si\u0119 odb\u0119dzie na lepsze <strong>25%<\/strong> Ukrai\u0144c\u00f3w, a w opinii <strong>20%<\/strong> Sytuacja mo\u017ce si\u0119 jeszcze bardziej skomplikowa\u0107.<\/p>\n<p>M\u0142odzie\u017c w wieku 18-35 lat jest stosunkowo bardziej krytyczna w ocenie sytuacji na froncie \u2013 38% wierzy w jej popraw\u0119, natomiast w\u015br\u00f3d os\u00f3b starszych w wieku 51+ 52% wierzy w pozytywny rozw\u00f3j wydarze\u0144. Najwi\u0119kszego pogorszenia sytuacji w gospodarce spodziewaj\u0105 si\u0119 mieszka\u0144cy Kijowa (49%).<\/p>\n<p style=\"text-align: center;\"><span class=\"lazyload-holder\" style=\"padding-bottom: 61.30306021717671%;\"><br \/><noscript><br \/>    <img decoding=\"async\" loading=\"lazy\" alt=\"1701425343 406 Bi\u0142szist ukrainciw wzymku ochikuiut pozytywnykh zmin na fronti\" original-height=\"621\" original-width=\"1013\" src=\"https:\/\/razvedka.info\/pl\/media\/2023\/12\/1701425583_662_Wiekszosc-Ukraincow-spodziewa-sie-pozytywnych-zmian-na-froncie-zima.jpg\" width=\"640\" height=\"392\" title=\"Wi\u0119kszo\u015b\u0107 Ukrai\u0144c\u00f3w spodziewa si\u0119 pozytywnych zmian na froncie zim\u0105\"><br \/>   <\/noscript><img decoding=\"async\" loading=\"lazy\" src=\"https:\/\/razvedka.info\/pl\/media\/2023\/12\/1701425583_662_Wiekszosc-Ukraincow-spodziewa-sie-pozytywnych-zmian-na-froncie-zima.jpg\" width=\"640\" height=\"392\" class=\"lazyload lazy-img-blur-up\" alt=\"1701425343 406 Bi\u0142szist ukrainciw wzymku ochikuiut pozytywnykh zmin na fronti\" data- title=\"Wi\u0119kszo\u015b\u0107 Ukrai\u0144c\u00f3w spodziewa si\u0119 pozytywnych zmian na froncie zim\u0105\"><\/span><span class=\"news-page-photo-name\">infografika Grupy Socjologicznej &#8222;Ocena&#8221;<\/span><\/p>\n<p>Z drugiej strony, zgodnie z pesymistycznymi oczekiwaniami, w czo\u0142\u00f3wce znajduje si\u0119 gospodarka: <strong>34%<\/strong> respondent\u00f3w spodziewa si\u0119 pogorszenia sytuacji w tym obszarze, <strong>43% <\/strong>\u2013 nie czekaj na zmiany. Ocenia si\u0119, \u017ce sektor energetyczny poprawia si\u0119 (<strong>17%<\/strong>) lub pozostaj\u0105 bez zmian (<strong>43%<\/strong>).<\/p>\n<p>Badanie zosta\u0142o przeprowadzone w dniach 22-23 listopada. W ramach tego procesu uda\u0142o si\u0119 pozna\u0107 opini\u0119 1000 respondent\u00f3w z ca\u0142ej Ukrainy, z wyj\u0105tkiem region\u00f3w okupowanych.<\/p>\n","protected":false},"excerpt":{"rendered":"<p>Wi\u0119kszo\u015b\u0107 Ukrai\u0144c\u00f3w ma nadziej\u0119, \u017ce tej zimy nast\u0105pi poprawa sytuacji na froncie. \u015awiadcz\u0105 o tym niedawne sondowanie Grupa socjologiczna &#8222;Ocena&#8221;. W szczeg\u00f3lno\u015bci opini\u0119 t\u0119 podzielaj\u0105 46% obywateli Ukrainy. W tym samym czasie 32% Ukrai\u0144cy oczekuj\u0105, \u017ce sytuacja pozostanie taka sama jak obecnie. Oznacza to, \u017ce nic si\u0119 nie zmieni. W tym samym czasie 12% uwa\u017caj\u0105, [&hellip;]<\/p>\n","protected":false},"author":1,"featured_media":21171,"comment_status":"","ping_status":"","sticky":false,"template":"","format":"standard","meta":{"footnotes":""},"categories":[1],"tags":[2633,826,9],"class_list":["post-21170","post","type-post","status-publish","format-standard","has-post-thumbnail","hentry","category-wojna","tag-aktualnosci-z-ukrainy","tag-socjologia","tag-wojna-rosyjsko-ukrainska"],"_links":{"self":[{"href":"https:\/\/ruwar.org\/pl\/wp-json\/wp\/v2\/posts\/21170","targetHints":{"allow":["GET"]}}],"collection":[{"href":"https:\/\/ruwar.org\/pl\/wp-json\/wp\/v2\/posts"}],"about":[{"href":"https:\/\/ruwar.org\/pl\/wp-json\/wp\/v2\/types\/post"}],"author":[{"embeddable":true,"href":"https:\/\/ruwar.org\/pl\/wp-json\/wp\/v2\/users\/1"}],"replies":[{"embeddable":true,"href":"https:\/\/ruwar.org\/pl\/wp-json\/wp\/v2\/comments?post=21170"}],"version-history":[{"count":0,"href":"https:\/\/ruwar.org\/pl\/wp-json\/wp\/v2\/posts\/21170\/revisions"}],"wp:featuredmedia":[{"embeddable":true,"href":"https:\/\/ruwar.org\/pl\/wp-json\/wp\/v2\/media\/21171"}],"wp:attachment":[{"href":"https:\/\/ruwar.org\/pl\/wp-json\/wp\/v2\/media?parent=21170"}],"wp:term":[{"taxonomy":"category","embeddable":true,"href":"https:\/\/ruwar.org\/pl\/wp-json\/wp\/v2\/categories?post=21170"},{"taxonomy":"post_tag","embeddable":true,"href":"https:\/\/ruwar.org\/pl\/wp-json\/wp\/v2\/tags?post=21170"}],"curies":[{"name":"wp","href":"https:\/\/api.w.org\/{rel}","templated":true}]}}