{"id":21146,"date":"2023-11-30T16:15:04","date_gmt":"2023-11-30T15:15:04","guid":{"rendered":"https:\/\/razvedka.info\/pl\/2023-11-33-letni-zolnierz-z-obwodu-lwowskiego-zostal-skazany-na-6-lat-wiezienia-za-opuszczenie-osrodka-szkoleniowego\/"},"modified":"2023-11-30T16:15:04","modified_gmt":"2023-11-30T15:15:04","slug":"33-letni-zolnierz-z-obwodu-lwowskiego-zostal-skazany-na-6-lat-wiezienia-za-opuszczenie-osrodka-szkoleniowego","status":"publish","type":"post","link":"https:\/\/ruwar.org\/pl\/2023-11-33-letni-zolnierz-z-obwodu-lwowskiego-zostal-skazany-na-6-lat-wiezienia-za-opuszczenie-osrodka-szkoleniowego\/","title":{"rendered":"33-letni \u017co\u0142nierz z obwodu lwowskiego zosta\u0142 skazany na 6 lat wi\u0119zienia za opuszczenie o\u015brodka szkoleniowego"},"content":{"rendered":"<p>W obwodzie r\u00f3wie\u0144skim s\u0105dzono 33-letniego \u017co\u0142nierza z obwodu lwowskiego, kt\u00f3ry w marcu opu\u015bci\u0142 o\u015brodek szkoleniowy bez pozwolenia. M\u0119\u017cczyzna zapewnia\u0142, \u017ce odszed\u0142 z powodu problem\u00f3w zdrowotnych i nie wr\u00f3ci\u0142 do s\u0142u\u017cby, poniewa\u017c straci\u0142 telefon kom\u00f3rkowy ze wszystkimi kontaktami. S\u0105d pierwszej instancji skaza\u0142 go na sze\u015b\u0107 lat wi\u0119zienia, a niedawno wyrok ten zosta\u0142 utrzymany w mocy przez S\u0105d Apelacyjny w R\u00f3wnem.<\/p>\n<p>Wed\u0142ug s\u0142u\u017cby prasowej S\u0105du Apelacyjnego w R\u00f3wnem oskar\u017cony przyby\u0142 do o\u015brodka szkoleniowego w obwodzie r\u00f3wie\u0144skim 20 marca 2023 roku. A 28 marca opu\u015bci\u0142 ob\u00f3z namiotowy bez pozwolenia. \u017bo\u0142nierz wr\u00f3ci\u0142 do Lwowa, gdzie mieszkaj\u0105 jego rodzice, w kt\u00f3rych mieszkaniu jest zameldowany, a p\u00f3\u017aniej zamieszka\u0142 z dziewczyn\u0105.<\/p>\n<p>W po\u0142owie maja zosta\u0142 zatrzymany i dor\u0119czono mu zawiadomienie o podejrzaniu. W sierpniu s\u0105d w Kostopolu uzna\u0142 m\u0119\u017cczyzn\u0119 za winnego opuszczenia miejsca pracy bez pozwolenia i skaza\u0142 go na sze\u015b\u0107 lat i trzy miesi\u0105ce wi\u0119zienia, bior\u0105c pod uwag\u0119 wcze\u015bniejszy zaleg\u0142y wyrok za kradzie\u017c.<\/p>\n<p>Zar\u00f3wno prokuratura, jak i oskar\u017cony wnie\u015bli apelacj\u0119. Prokurator domaga\u0142 si\u0119 podwy\u017cszenia kary do o\u015bmiu lat wi\u0119zienia, a oskar\u017cony domaga\u0142 si\u0119 zamkni\u0119cia post\u0119powania, poniewa\u017c chcia\u0142 wr\u00f3ci\u0107 do wojska. Zapewni\u0142 te\u017c s\u0105d, \u017ce chce broni\u0107 pa\u0144stwa, ma do tego ca\u0142\u0105 niezb\u0119dn\u0105 amunicj\u0119, a z powodu problem\u00f3w zdrowotnych i utraty telefonu kom\u00f3rkowego ze wszystkimi kontaktami, w tym dow\u00f3dc\u0105 jednostki, opu\u015bci\u0142 o\u015brodek szkoleniowy.<\/p>\n<p>S\u0105d odrzuci\u0142 jednak obie apelacje. \u00ab<em>S\u0105d Apelacyjny w R\u00f3wnem utrzyma\u0142 w mocy wyrok s\u0105du rejonowego, uznaj\u0105c go za zgodny z prawem i rozs\u0105dny, wydany zgodnie z przepisami prawa materialnego i procesowego, oddalaj\u0105c apelacj\u0119 stron post\u0119powania karnego<\/em>\u00bb, \u2013 <a rel=\"nofollow noopener\" target=\"_blank\" href=\"https:\/\/rva.court.gov.ua\/sud4815\/pres-centr\/news\/1518886\/\">M\u00f3wi<\/a> w wiadomo\u015bci. W efekcie wyrok si\u0119 uprawomocni\u0142.<\/p>\n","protected":false},"excerpt":{"rendered":"<p>W obwodzie r\u00f3wie\u0144skim s\u0105dzono 33-letniego \u017co\u0142nierza z obwodu lwowskiego, kt\u00f3ry w marcu opu\u015bci\u0142 o\u015brodek szkoleniowy bez pozwolenia. M\u0119\u017cczyzna zapewnia\u0142, \u017ce odszed\u0142 z powodu problem\u00f3w zdrowotnych i nie wr\u00f3ci\u0142 do s\u0142u\u017cby, poniewa\u017c straci\u0142 telefon kom\u00f3rkowy ze wszystkimi kontaktami. S\u0105d pierwszej instancji skaza\u0142 go na sze\u015b\u0107 lat wi\u0119zienia, a niedawno wyrok ten zosta\u0142 utrzymany w mocy przez [&hellip;]<\/p>\n","protected":false},"author":1,"featured_media":21147,"comment_status":"","ping_status":"","sticky":false,"template":"","format":"standard","meta":{"footnotes":""},"categories":[1],"tags":[2632,1664,9],"class_list":["post-21146","post","type-post","status-publish","format-standard","has-post-thumbnail","hentry","category-wojna","tag-uchylanie-sie-od-mobilizacji","tag-wiadomosci-z-rownego","tag-wojna-rosyjsko-ukrainska"],"_links":{"self":[{"href":"https:\/\/ruwar.org\/pl\/wp-json\/wp\/v2\/posts\/21146","targetHints":{"allow":["GET"]}}],"collection":[{"href":"https:\/\/ruwar.org\/pl\/wp-json\/wp\/v2\/posts"}],"about":[{"href":"https:\/\/ruwar.org\/pl\/wp-json\/wp\/v2\/types\/post"}],"author":[{"embeddable":true,"href":"https:\/\/ruwar.org\/pl\/wp-json\/wp\/v2\/users\/1"}],"replies":[{"embeddable":true,"href":"https:\/\/ruwar.org\/pl\/wp-json\/wp\/v2\/comments?post=21146"}],"version-history":[{"count":0,"href":"https:\/\/ruwar.org\/pl\/wp-json\/wp\/v2\/posts\/21146\/revisions"}],"wp:featuredmedia":[{"embeddable":true,"href":"https:\/\/ruwar.org\/pl\/wp-json\/wp\/v2\/media\/21147"}],"wp:attachment":[{"href":"https:\/\/ruwar.org\/pl\/wp-json\/wp\/v2\/media?parent=21146"}],"wp:term":[{"taxonomy":"category","embeddable":true,"href":"https:\/\/ruwar.org\/pl\/wp-json\/wp\/v2\/categories?post=21146"},{"taxonomy":"post_tag","embeddable":true,"href":"https:\/\/ruwar.org\/pl\/wp-json\/wp\/v2\/tags?post=21146"}],"curies":[{"name":"wp","href":"https:\/\/api.w.org\/{rel}","templated":true}]}}