{"id":21053,"date":"2023-11-26T13:21:02","date_gmt":"2023-11-26T12:21:02","guid":{"rendered":"https:\/\/razvedka.info\/pl\/2023-11-wyscig-przeciwko-przemocy-odbyl-sie-we-lwowskim-parku\/"},"modified":"2023-11-26T13:21:02","modified_gmt":"2023-11-26T12:21:02","slug":"wyscig-przeciwko-przemocy-odbyl-sie-we-lwowskim-parku","status":"publish","type":"post","link":"https:\/\/ruwar.org\/pl\/2023-11-wyscig-przeciwko-przemocy-odbyl-sie-we-lwowskim-parku\/","title":{"rendered":"Wy\u015bcig przeciwko przemocy odby\u0142 si\u0119 we lwowskim parku"},"content":{"rendered":"<p>Mieszka\u0144cy Lwowa w\u0142\u0105czyli si\u0119 w mi\u0119dzynarodow\u0105 akcj\u0119 &#8222;16 Dni Aktywizmu Przeciwko Przemocy&#8221; i zorganizowali bieg &#8222;Dzia\u0142amy na rzecz ocala\u0142ych&#8221;. Lw\u00f3w sta\u0142 si\u0119 jednym z 15 miast w Ukrainie, kt\u00f3re przej\u0119\u0142y pa\u0142eczk\u0119. Wy\u015bcig rozpocz\u0105\u0142 si\u0119 w Irpieniu i b\u0119dzie kontynuowany na S\u0142owacji, w USA i innych krajach, w kt\u00f3rych mieszka ukrai\u0144ska diaspora.<\/p>\n<p>Wy\u015bcig we Lwowie odby\u0142 si\u0119 26 listopada w Parku im. Iwana Franki &#8211; poinformowa\u0142a Lwowska Rada Miejska. Mogli w nim wzi\u0105\u0107 udzia\u0142 wszyscy, sportowcy, przedstawiciele misji humanitarnych, organizacji spo\u0142ecznych, organ\u00f3w pa\u0144stwowych i samorz\u0105dowych.<\/p>\n<p>Wy\u015bcig zwraca uwag\u0119 na zbrodnie przemocy, kt\u00f3re nadal s\u0105 pope\u0142niane przez rosyjskie wojsko.<\/p>\n<p>\u00ab<em>To solidarno\u015bciowy przejaw oboj\u0119tno\u015bci wobec os\u00f3b, kt\u00f3re do\u015bwiadczy\u0142y lub prze\u017cywaj\u0105 traumatyczne prze\u017cycia zwi\u0105zane z dzia\u0142aniami wojennymi w Ukrainie. To tak\u017ce spos\u00f3b na przekazanie informacji o sposobach pomocy ofiarom \u2013 istniej\u0105 s\u0142u\u017cby socjalne i specjalistyczne. Podkre\u015bla r\u00f3wnie\u017c znaczenie zdrowia fizycznego i psychicznego dla satysfakcjonuj\u0105cego \u017cycia i realizacji swojego potencja\u0142u<\/em>\u00bb, \u2013 <a rel=\"nofollow noopener\" target=\"_blank\" href=\"https:\/\/city-adm.lviv.ua\/news\/society\/public-sector\/299313-desiatky-lvivian-doluchylys-do-zabihu-v-mezhakh-mizhnarodnoi-aktsii-16-dniv-aktyvizmu-proty-nasylstva\">Zg\u0142oszone<\/a> w Radzie Miejskiej Lwowa.<\/p>\n<p>Dzisiejsza akcja jest dopiero pierwszym wydarzeniem w ramach kampanii &#8222;16 Dni Przeciw Przemocy&#8221;. Inne s\u0105 planowane w ci\u0105gu tygodnia \u2013 powiedzia\u0142 O\u0142eksij Nedilnia, p.o. kierownika wydzia\u0142u ochrony socjalnej Rady Miejskiej Lwowa.<\/p>\n<p>16 Dni Aktywizmu Przeciwko Przemocy ze wzgl\u0119du na P\u0142e\u0107 to kampania organizowana corocznie w wi\u0119kszo\u015bci kraj\u00f3w na ca\u0142ym \u015bwiecie. Rozpoczyna si\u0119 25 listopada Mi\u0119dzynarodowym Dniem Eliminacji Przemocy wobec Kobiet i trwa do 10 grudnia \u2013 Dnia Praw Cz\u0142owieka. Jednoczy ludzi i organizacje na ca\u0142ym \u015bwiecie i wzywa do zapobiegania i eliminowania przemocy wobec kobiet i dziewcz\u0105t.<\/p>\n","protected":false},"excerpt":{"rendered":"<p>Mieszka\u0144cy Lwowa w\u0142\u0105czyli si\u0119 w mi\u0119dzynarodow\u0105 akcj\u0119 &#8222;16 Dni Aktywizmu Przeciwko Przemocy&#8221; i zorganizowali bieg &#8222;Dzia\u0142amy na rzecz ocala\u0142ych&#8221;. Lw\u00f3w sta\u0142 si\u0119 jednym z 15 miast w Ukrainie, kt\u00f3re przej\u0119\u0142y pa\u0142eczk\u0119. Wy\u015bcig rozpocz\u0105\u0142 si\u0119 w Irpieniu i b\u0119dzie kontynuowany na S\u0142owacji, w USA i innych krajach, w kt\u00f3rych mieszka ukrai\u0144ska diaspora. Wy\u015bcig we Lwowie odby\u0142 [&hellip;]<\/p>\n","protected":false},"author":1,"featured_media":21054,"comment_status":"","ping_status":"","sticky":false,"template":"","format":"standard","meta":{"footnotes":""},"categories":[1],"tags":[2221,2805,2230,824],"class_list":["post-21053","post","type-post","status-publish","format-standard","has-post-thumbnail","hentry","category-wojna","tag-akcja","tag-przemoc-seksualna","tag-przemocy-domowej","tag-zbrodnie-wojenne-rosji"],"_links":{"self":[{"href":"https:\/\/ruwar.org\/pl\/wp-json\/wp\/v2\/posts\/21053","targetHints":{"allow":["GET"]}}],"collection":[{"href":"https:\/\/ruwar.org\/pl\/wp-json\/wp\/v2\/posts"}],"about":[{"href":"https:\/\/ruwar.org\/pl\/wp-json\/wp\/v2\/types\/post"}],"author":[{"embeddable":true,"href":"https:\/\/ruwar.org\/pl\/wp-json\/wp\/v2\/users\/1"}],"replies":[{"embeddable":true,"href":"https:\/\/ruwar.org\/pl\/wp-json\/wp\/v2\/comments?post=21053"}],"version-history":[{"count":0,"href":"https:\/\/ruwar.org\/pl\/wp-json\/wp\/v2\/posts\/21053\/revisions"}],"wp:featuredmedia":[{"embeddable":true,"href":"https:\/\/ruwar.org\/pl\/wp-json\/wp\/v2\/media\/21054"}],"wp:attachment":[{"href":"https:\/\/ruwar.org\/pl\/wp-json\/wp\/v2\/media?parent=21053"}],"wp:term":[{"taxonomy":"category","embeddable":true,"href":"https:\/\/ruwar.org\/pl\/wp-json\/wp\/v2\/categories?post=21053"},{"taxonomy":"post_tag","embeddable":true,"href":"https:\/\/ruwar.org\/pl\/wp-json\/wp\/v2\/tags?post=21053"}],"curies":[{"name":"wp","href":"https:\/\/api.w.org\/{rel}","templated":true}]}}