{"id":20941,"date":"2023-11-22T08:27:02","date_gmt":"2023-11-22T07:27:02","guid":{"rendered":"https:\/\/razvedka.info\/pl\/2023-11-prezydent-nadal-lwowskiej-80-brygadzie-honorowe-imie-halicka\/"},"modified":"2023-11-22T08:27:02","modified_gmt":"2023-11-22T07:27:02","slug":"prezydent-nadal-lwowskiej-80-brygadzie-honorowe-imie-halicka","status":"publish","type":"post","link":"https:\/\/ruwar.org\/pl\/2023-11-prezydent-nadal-lwowskiej-80-brygadzie-honorowe-imie-halicka\/","title":{"rendered":"Prezydent nada\u0142 Lwowskiej 80 Brygadzie honorowe imi\u0119 &#8222;Halicka&#8221;"},"content":{"rendered":"<p>Prezydent Wo\u0142odymyr Ze\u0142enski nada\u0142 Lwowskiej 80. oddzielnej brygadzie desantowo-szturmowej honorowe imi\u0119 &#8222;Halicka&#8221;. Odpowiedni dekret z 20 listopada zosta\u0142 opublikowany na stronie internetowej g\u0142owy pa\u0144stwa.<\/p>\n<p>\u00ab<em>Nada\u0107 80. oddzielnej brygadzie desantowo-szturmowej Si\u0142 Powietrzno-Szturmowych Si\u0142 Zbrojnych Ukrainy honorow\u0105 nazw\u0119 &#8222;Halicka&#8221; i dalej jako 80. oddzielna galicyjska brygada desantowo-szturmowa Si\u0142 Powietrzno-Szturmowych Si\u0142 Zbrojnych Ukrainy<\/em>&#8222;, \u2013 jest powiedziane w <a rel=\"nofollow noopener\" target=\"_blank\" href=\"https:\/\/www.president.gov.ua\/documents\/7662023-48941\">Dekret<\/a> Prezydent.<\/p>\n<p>Jak zaznaczono w dokumencie, tytu\u0142 honorowy zosta\u0142 przypisany &#8222;<em>w celu przywr\u00f3cenia historycznych tradycji Armii Krajowej, bior\u0105c pod uwag\u0119 wzorowe wykonywanie powierzonych zada\u0144 przez personel 80 Samodzielnej Brygady Desantowo-Szturmowej<\/em>\u00bb.<\/p>\n<p>Dekret wszed\u0142 w \u017cycie z dniem jego og\u0142oszenia.<\/p>\n","protected":false},"excerpt":{"rendered":"<p>Prezydent Wo\u0142odymyr Ze\u0142enski nada\u0142 Lwowskiej 80. oddzielnej brygadzie desantowo-szturmowej honorowe imi\u0119 &#8222;Halicka&#8221;. Odpowiedni dekret z 20 listopada zosta\u0142 opublikowany na stronie internetowej g\u0142owy pa\u0144stwa. \u00abNada\u0107 80. oddzielnej brygadzie desantowo-szturmowej Si\u0142 Powietrzno-Szturmowych Si\u0142 Zbrojnych Ukrainy honorow\u0105 nazw\u0119 &#8222;Halicka&#8221; i dalej jako 80. oddzielna galicyjska brygada desantowo-szturmowa Si\u0142 Powietrzno-Szturmowych Si\u0142 Zbrojnych Ukrainy&#8222;, \u2013 jest powiedziane w Dekret [&hellip;]<\/p>\n","protected":false},"author":1,"featured_media":20942,"comment_status":"","ping_status":"","sticky":false,"template":"","format":"standard","meta":{"footnotes":""},"categories":[1],"tags":[21,176],"class_list":["post-20941","post","type-post","status-publish","format-standard","has-post-thumbnail","hentry","category-wojna","tag-sily-zbrojne-ukrainy","tag-wolodymyr-zelenski"],"_links":{"self":[{"href":"https:\/\/ruwar.org\/pl\/wp-json\/wp\/v2\/posts\/20941","targetHints":{"allow":["GET"]}}],"collection":[{"href":"https:\/\/ruwar.org\/pl\/wp-json\/wp\/v2\/posts"}],"about":[{"href":"https:\/\/ruwar.org\/pl\/wp-json\/wp\/v2\/types\/post"}],"author":[{"embeddable":true,"href":"https:\/\/ruwar.org\/pl\/wp-json\/wp\/v2\/users\/1"}],"replies":[{"embeddable":true,"href":"https:\/\/ruwar.org\/pl\/wp-json\/wp\/v2\/comments?post=20941"}],"version-history":[{"count":0,"href":"https:\/\/ruwar.org\/pl\/wp-json\/wp\/v2\/posts\/20941\/revisions"}],"wp:featuredmedia":[{"embeddable":true,"href":"https:\/\/ruwar.org\/pl\/wp-json\/wp\/v2\/media\/20942"}],"wp:attachment":[{"href":"https:\/\/ruwar.org\/pl\/wp-json\/wp\/v2\/media?parent=20941"}],"wp:term":[{"taxonomy":"category","embeddable":true,"href":"https:\/\/ruwar.org\/pl\/wp-json\/wp\/v2\/categories?post=20941"},{"taxonomy":"post_tag","embeddable":true,"href":"https:\/\/ruwar.org\/pl\/wp-json\/wp\/v2\/tags?post=20941"}],"curies":[{"name":"wp","href":"https:\/\/api.w.org\/{rel}","templated":true}]}}