{"id":20628,"date":"2023-11-10T06:21:02","date_gmt":"2023-11-10T05:21:02","guid":{"rendered":"https:\/\/razvedka.info\/pl\/2023-11-po-raz-pierwszy-rosja-nie-zostala-wybrana-do-miedzynarodowego-trybunalu-sprawiedliwosci\/"},"modified":"2023-11-10T06:21:02","modified_gmt":"2023-11-10T05:21:02","slug":"po-raz-pierwszy-rosja-nie-zostala-wybrana-do-miedzynarodowego-trybunalu-sprawiedliwosci","status":"publish","type":"post","link":"https:\/\/ruwar.org\/pl\/2023-11-po-raz-pierwszy-rosja-nie-zostala-wybrana-do-miedzynarodowego-trybunalu-sprawiedliwosci\/","title":{"rendered":"Po raz pierwszy Rosja nie zosta\u0142a wybrana do Mi\u0119dzynarodowego Trybuna\u0142u Sprawiedliwo\u015bci"},"content":{"rendered":"<p>Po raz pierwszy przedstawiciel Rosji nie zosta\u0142 wybrany do Mi\u0119dzynarodowego Trybuna\u0142u Sprawiedliwo\u015bci ONZ. Poinformowa\u0142 o tym w czwartek wieczorem, 9 listopada, prezydent Ukrainy Wo\u0142odymyr Ze\u0142enski.<\/p>\n<p><em>&#8222;Po raz pierwszy w historii ONZ pa\u0144stwa cz\u0142onkowskie odm\u00f3wi\u0142y Rosji prawa do wymierzania sprawiedliwo\u015bci w ich imieniu w Mi\u0119dzynarodowym Trybunale Sprawiedliwo\u015bci. \u015awiat widzi, kto niszczy prawo mi\u0119dzynarodowe, a nie go broni. <\/em>\u2014 <a rel=\"nofollow noopener\" target=\"_blank\" href=\"https:\/\/twitter.com\/ZelenskyyUa\/status\/1722704911970738459\">Napisa\u0142<\/a> jest na portalu spo\u0142eczno\u015bciowym X (dawniej Twitter).<\/p>\n<p>Jednocze\u015bnie prezydent pogratulowa\u0142 przedstawicielom Australii, Meksyku, RPA, Rumunii i Stan\u00f3w Zjednoczonych zwyci\u0119stwa w wyborach do Mi\u0119dzynarodowego Trybuna\u0142u Sprawiedliwo\u015bci zar\u00f3wno w Radzie Bezpiecze\u0144stwa, jak i w Zgromadzeniu Og\u00f3lnym.<\/p>\n<p>Rosyjski reprezentant przegra\u0142 z przedstawicielem Rumunii, by\u0142ym ministrem spraw zagranicznych Bogdanem Aurescu &#8211; powiedzia\u0142 s\u0119dzia Europejskiego Trybuna\u0142u Praw Cz\u0142owieka Myko\u0142a Ignatowski.<\/p>\n<p><em>&#8222;Dzisiejszy wyb\u00f3r profesora prawa mi\u0119dzynarodowego Bogdana Aurescu, by\u0142ego ministra spraw zagranicznych Rumunii, na s\u0119dziego Mi\u0119dzynarodowego Trybuna\u0142u Sprawiedliwo\u015bci oznacza, \u017ce po raz pierwszy w Trybunale \u015awiatowym w Hadze nie b\u0119dzie radzieckiego\/rosyjskiego s\u0119dziego&#8221;<\/em> \u2013 powiedzia\u0142 Hnatovsky, cytowany przez &#8222;<a rel=\"nofollow noopener\" target=\"_blank\" href=\"https:\/\/interfax.com.ua\/news\/general\/946652.html\">Interfax-Ukraina<\/a>\u00bb.<\/p>\n<p>Wed\u0142ug niego &#8222;to drugi raz w historii, kiedy sta\u0142y cz\u0142onek Rady Bezpiecze\u0144stwa nie b\u0119dzie reprezentowany w Mi\u0119dzynarodowym Trybunale Sprawiedliwo\u015bci (pierwszym by\u0142a Wielka Brytania w 2017 roku)&#8221;.<\/p>\n<p>Nale\u017cy zauwa\u017cy\u0107, \u017ce Mi\u0119dzynarodowy Trybuna\u0142 Sprawiedliwo\u015bci jest g\u0142\u00f3wnym organem s\u0105dowym Organizacji Narod\u00f3w Zjednoczonych, kt\u00f3ry rozpatruje spory mi\u0119dzy pa\u0144stwami i wydaje opinie doradcze na podstawie prawa mi\u0119dzynarodowego.<\/p>\n<p><script async src=\"https:\/\/platform.twitter.com\/widgets.js\" charset=\"utf-8\"><\/script><\/p>\n","protected":false},"excerpt":{"rendered":"<p>Po raz pierwszy przedstawiciel Rosji nie zosta\u0142 wybrany do Mi\u0119dzynarodowego Trybuna\u0142u Sprawiedliwo\u015bci ONZ. Poinformowa\u0142 o tym w czwartek wieczorem, 9 listopada, prezydent Ukrainy Wo\u0142odymyr Ze\u0142enski. &#8222;Po raz pierwszy w historii ONZ pa\u0144stwa cz\u0142onkowskie odm\u00f3wi\u0142y Rosji prawa do wymierzania sprawiedliwo\u015bci w ich imieniu w Mi\u0119dzynarodowym Trybunale Sprawiedliwo\u015bci. \u015awiat widzi, kto niszczy prawo mi\u0119dzynarodowe, a nie go [&hellip;]<\/p>\n","protected":false},"author":1,"featured_media":20629,"comment_status":"","ping_status":"","sticky":false,"template":"","format":"standard","meta":{"footnotes":""},"categories":[1],"tags":[141,11,76,9],"class_list":["post-20628","post","type-post","status-publish","format-standard","has-post-thumbnail","hentry","category-wojna","tag-onz","tag-rosja","tag-rosyjska-agresja","tag-wojna-rosyjsko-ukrainska"],"_links":{"self":[{"href":"https:\/\/ruwar.org\/pl\/wp-json\/wp\/v2\/posts\/20628","targetHints":{"allow":["GET"]}}],"collection":[{"href":"https:\/\/ruwar.org\/pl\/wp-json\/wp\/v2\/posts"}],"about":[{"href":"https:\/\/ruwar.org\/pl\/wp-json\/wp\/v2\/types\/post"}],"author":[{"embeddable":true,"href":"https:\/\/ruwar.org\/pl\/wp-json\/wp\/v2\/users\/1"}],"replies":[{"embeddable":true,"href":"https:\/\/ruwar.org\/pl\/wp-json\/wp\/v2\/comments?post=20628"}],"version-history":[{"count":0,"href":"https:\/\/ruwar.org\/pl\/wp-json\/wp\/v2\/posts\/20628\/revisions"}],"wp:featuredmedia":[{"embeddable":true,"href":"https:\/\/ruwar.org\/pl\/wp-json\/wp\/v2\/media\/20629"}],"wp:attachment":[{"href":"https:\/\/ruwar.org\/pl\/wp-json\/wp\/v2\/media?parent=20628"}],"wp:term":[{"taxonomy":"category","embeddable":true,"href":"https:\/\/ruwar.org\/pl\/wp-json\/wp\/v2\/categories?post=20628"},{"taxonomy":"post_tag","embeddable":true,"href":"https:\/\/ruwar.org\/pl\/wp-json\/wp\/v2\/tags?post=20628"}],"curies":[{"name":"wp","href":"https:\/\/api.w.org\/{rel}","templated":true}]}}