{"id":20618,"date":"2023-11-09T12:09:03","date_gmt":"2023-11-09T11:09:03","guid":{"rendered":"https:\/\/razvedka.info\/pl\/2023-11-mieszkaniec-chmielnickiego-sadzony-za-wspieranie-rosji-podczas-klotni-w-poblizu-katedry\/"},"modified":"2023-11-09T12:09:03","modified_gmt":"2023-11-09T11:09:03","slug":"mieszkaniec-chmielnickiego-sadzony-za-wspieranie-rosji-podczas-klotni-w-poblizu-katedry","status":"publish","type":"post","link":"https:\/\/ruwar.org\/pl\/2023-11-mieszkaniec-chmielnickiego-sadzony-za-wspieranie-rosji-podczas-klotni-w-poblizu-katedry\/","title":{"rendered":"Mieszkaniec Chmielnickiego s\u0105dzony za wspieranie Rosji podczas k\u0142\u00f3tni w pobli\u017cu katedry"},"content":{"rendered":"<p>36-letni m\u0119\u017cczyzna by\u0142 s\u0105dzony w Chmielnickim za wypowiadanie si\u0119 w obronie Rosji podczas zebrania spo\u0142eczno\u015bci w pobli\u017cu katedry. Andrij Hawryluk nazwa\u0142 Ukrai\u0144c\u00f3w &#8222;byd\u0142em&#8221; i stwierdzi\u0142, \u017ce Ukraina jest &#8222;w stanie wojny z sam\u0105 sob\u0105&#8221;. Zosta\u0142 uznany za winnego kolaboracji i otrzyma\u0142 dziesi\u0119cioletni zakaz pracy w agencjach rz\u0105dowych.<\/p>\n<p>Jak stwierdzono w <a rel=\"nofollow noopener\" target=\"_blank\" href=\"https:\/\/reyestr.court.gov.ua\/Review\/114704673\">Zdanie<\/a> Chmielnicki Miejski S\u0105d Rejonowy, incydent mia\u0142 miejsce 17 maja w pobli\u017cu soboru Naj\u015bwi\u0119tszej Ochrony. Podczas spotkania spo\u0142eczno\u015bci m\u0119\u017cczyzna publicznie powt\u00f3rzy\u0142 narracje rosyjskiej propagandy:<\/p>\n<ul>\n<li>\u00ab<em>I co Putin ma z tym wsp\u00f3lnego? Zwariowali\u015bcie? Co Putin ma z tym wsp\u00f3lnego? Putin jest tylko egzekutorem. Po prostu wykonawca<\/em>\u00bb;<\/li>\n<li>\u00ab<em>To wy, ukrai\u0144skie byd\u0142o, kt\u00f3re B\u00f3g naprawd\u0119 zetrze z powierzchni ziemi<\/em>\u00bb;<\/li>\n<li>\u00ab<em>Kto rozpocz\u0105\u0142 wojn\u0119. Prawdopodobnie my, Ukrai\u0144cy na Majdanie. Mi\u0119dzy sob\u0105. Duch wojny wytworzy\u0142 si\u0119 na Majdanie<\/em>\u00bb;<\/li>\n<li>\u00ab<em>Krym jest republik\u0105 autonomiczn\u0105. Og\u00f3lnie rzecz bior\u0105c, je\u015bli spojrzysz na to w ten spos\u00f3b, to nie ma nikogo<\/em>\u00bb;<\/li>\n<li>\u00ab<em>Jeste\u015bcie w stanie wojny z samymi sob\u0105!<\/em>\u00bb.<\/li>\n<\/ul>\n<p>M\u0119\u017cczy\u017anie dor\u0119czono zawiadomienie o podejrzeniu pope\u0142nienia przest\u0119pstwa na podstawie cz\u0119\u015bci 1 art. 111-1 kodeksu karnego (<em>Wsp\u00f3lne dzia\u0142ania<\/em>). W czerwcu br. Andrij Hawryluk zawar\u0142 ugod\u0119 z prokuratorem.<\/p>\n<p>Na posiedzeniu 6 listopada s\u0119dzia Serhij Martsinkewicz zatwierdzi\u0142 to porozumienie. Andrij Hawryluk zosta\u0142 obj\u0119ty dziesi\u0119cioletnim zakazem zajmowania stanowisk zwi\u0105zanych z pe\u0142nieniem funkcji organizacyjnych, administracyjnych i gospodarczych we w\u0142adzach pa\u0144stwowych i organach samorz\u0105du terytorialnego. Chocia\u017c S\u0142u\u017cba Bezpiecze\u0144stwa Ukrainy po zdemaskowaniu m\u0119\u017cczyzny poinformowa\u0142a, \u017ce oficjalnie jest on bezrobotny, a w wyroku stwierdza si\u0119, \u017ce obecnie nigdzie nie pracuje.<\/p>\n<p>Przypomnijmy, \u017ce tego samego dnia, na tym samym spotkaniu, 61-letni by\u0142y stra\u017cnik \u015bwi\u0105tynny przemawia\u0142 w obronie Rosji. W lipcu tego roku s\u0105d uzna\u0142 go za winnego kolaboracji i wymierzy\u0142 mu podobn\u0105 kar\u0119.<\/p>\n","protected":false},"excerpt":{"rendered":"<p>36-letni m\u0119\u017cczyzna by\u0142 s\u0105dzony w Chmielnickim za wypowiadanie si\u0119 w obronie Rosji podczas zebrania spo\u0142eczno\u015bci w pobli\u017cu katedry. Andrij Hawryluk nazwa\u0142 Ukrai\u0144c\u00f3w &#8222;byd\u0142em&#8221; i stwierdzi\u0142, \u017ce Ukraina jest &#8222;w stanie wojny z sam\u0105 sob\u0105&#8221;. Zosta\u0142 uznany za winnego kolaboracji i otrzyma\u0142 dziesi\u0119cioletni zakaz pracy w agencjach rz\u0105dowych. Jak stwierdzono w Zdanie Chmielnicki Miejski S\u0105d Rejonowy, [&hellip;]<\/p>\n","protected":false},"author":1,"featured_media":20619,"comment_status":"","ping_status":"","sticky":false,"template":"","format":"standard","meta":{"footnotes":""},"categories":[1],"tags":[81,2749,1665,9],"class_list":["post-20618","post","type-post","status-publish","format-standard","has-post-thumbnail","hentry","category-wojna","tag-propaganda","tag-siergiej-martsinkewicz","tag-wiadomosci-z-chmielnickiego","tag-wojna-rosyjsko-ukrainska"],"_links":{"self":[{"href":"https:\/\/ruwar.org\/pl\/wp-json\/wp\/v2\/posts\/20618","targetHints":{"allow":["GET"]}}],"collection":[{"href":"https:\/\/ruwar.org\/pl\/wp-json\/wp\/v2\/posts"}],"about":[{"href":"https:\/\/ruwar.org\/pl\/wp-json\/wp\/v2\/types\/post"}],"author":[{"embeddable":true,"href":"https:\/\/ruwar.org\/pl\/wp-json\/wp\/v2\/users\/1"}],"replies":[{"embeddable":true,"href":"https:\/\/ruwar.org\/pl\/wp-json\/wp\/v2\/comments?post=20618"}],"version-history":[{"count":0,"href":"https:\/\/ruwar.org\/pl\/wp-json\/wp\/v2\/posts\/20618\/revisions"}],"wp:featuredmedia":[{"embeddable":true,"href":"https:\/\/ruwar.org\/pl\/wp-json\/wp\/v2\/media\/20619"}],"wp:attachment":[{"href":"https:\/\/ruwar.org\/pl\/wp-json\/wp\/v2\/media?parent=20618"}],"wp:term":[{"taxonomy":"category","embeddable":true,"href":"https:\/\/ruwar.org\/pl\/wp-json\/wp\/v2\/categories?post=20618"},{"taxonomy":"post_tag","embeddable":true,"href":"https:\/\/ruwar.org\/pl\/wp-json\/wp\/v2\/tags?post=20618"}],"curies":[{"name":"wp","href":"https:\/\/api.w.org\/{rel}","templated":true}]}}