{"id":20584,"date":"2023-11-08T12:03:04","date_gmt":"2023-11-08T11:03:04","guid":{"rendered":"https:\/\/razvedka.info\/pl\/2023-11-rada-najwyzsza-przedluzyla-stan-wojenny-i-powszechna-mobilizacje-o-kolejne-90-dni\/"},"modified":"2023-11-08T12:03:04","modified_gmt":"2023-11-08T11:03:04","slug":"rada-najwyzsza-przedluzyla-stan-wojenny-i-powszechna-mobilizacje-o-kolejne-90-dni","status":"publish","type":"post","link":"https:\/\/ruwar.org\/pl\/2023-11-rada-najwyzsza-przedluzyla-stan-wojenny-i-powszechna-mobilizacje-o-kolejne-90-dni\/","title":{"rendered":"Rada Najwy\u017csza przed\u0142u\u017cy\u0142a stan wojenny i powszechn\u0105 mobilizacj\u0119 o kolejne 90 dni"},"content":{"rendered":"<p>Rada Najwy\u017csza Ukrainy na posiedzeniu w \u015brod\u0119 8 listopada przeg\u0142osowa\u0142a przed\u0142u\u017cenie mobilizacji i stanu wojennego o kolejne 90 dni. Parlamentarzy\u015bci poparli odpowiednie projekty ustaw <a rel=\"nofollow noopener\" target=\"_blank\" href=\"https:\/\/itd.rada.gov.ua\/billInfo\/Bills\/Card\/43112\">No10211<\/a> i <a rel=\"nofollow noopener\" target=\"_blank\" href=\"https:\/\/itd.rada.gov.ua\/billInfo\/Bills\/Card\/43113\">10212<\/a>, kt\u00f3re dzie\u0144 wcze\u015bniej z\u0142o\u017cy\u0142 w Radzie prezydent Ukrainy Wo\u0142odymyr Ze\u0142enski.<\/p>\n<p>Tym samym stan wojenny i mobilizacja b\u0119d\u0105 obowi\u0105zywa\u0142y w Ukrainie do 14 lutego 2024 roku.<\/p>\n<p>To ju\u017c si\u00f3dme g\u0142osowanie w parlamencie nad stanem wojennym od pocz\u0105tku wojny, zauwa\u017ca &#8222;<a rel=\"nofollow noopener\" target=\"_blank\" href=\"https:\/\/suspilne.media\/610643-zelenskij-vnis-u-radu-zakonoproekti-pro-prodovzenna-voennogo-stanu-i-mobilizacii\/\">Publiczny<\/a>\u00bb. Wcze\u015bniej Rada Najwy\u017csza zatwierdzi\u0142a ju\u017c podobne decyzje w ubieg\u0142ym roku: 24 lutego, 15 marca, 21 kwietnia, 15 sierpnia, 16 listopada.<\/p>\n<p>W tym roku parlament zatwierdzi\u0142 przed\u0142u\u017cenie stanu wojennego i powszechn\u0105 mobilizacj\u0119 na 7 lutego, 20 maja i 27 lipca. Obecnie stan wojenny w Ukrainie obowi\u0105zuje do 15 listopada.<\/p>\n","protected":false},"excerpt":{"rendered":"<p>Rada Najwy\u017csza Ukrainy na posiedzeniu w \u015brod\u0119 8 listopada przeg\u0142osowa\u0142a przed\u0142u\u017cenie mobilizacji i stanu wojennego o kolejne 90 dni. Parlamentarzy\u015bci poparli odpowiednie projekty ustaw No10211 i 10212, kt\u00f3re dzie\u0144 wcze\u015bniej z\u0142o\u017cy\u0142 w Radzie prezydent Ukrainy Wo\u0142odymyr Ze\u0142enski. Tym samym stan wojenny i mobilizacja b\u0119d\u0105 obowi\u0105zywa\u0142y w Ukrainie do 14 lutego 2024 roku. To ju\u017c si\u00f3dme [&hellip;]<\/p>\n","protected":false},"author":1,"featured_media":20585,"comment_status":"","ping_status":"","sticky":false,"template":"","format":"standard","meta":{"footnotes":""},"categories":[1],"tags":[2633,414,9,176],"class_list":["post-20584","post","type-post","status-publish","format-standard","has-post-thumbnail","hentry","category-wojna","tag-aktualnosci-z-ukrainy","tag-rada-najwyzsza","tag-wojna-rosyjsko-ukrainska","tag-wolodymyr-zelenski"],"_links":{"self":[{"href":"https:\/\/ruwar.org\/pl\/wp-json\/wp\/v2\/posts\/20584","targetHints":{"allow":["GET"]}}],"collection":[{"href":"https:\/\/ruwar.org\/pl\/wp-json\/wp\/v2\/posts"}],"about":[{"href":"https:\/\/ruwar.org\/pl\/wp-json\/wp\/v2\/types\/post"}],"author":[{"embeddable":true,"href":"https:\/\/ruwar.org\/pl\/wp-json\/wp\/v2\/users\/1"}],"replies":[{"embeddable":true,"href":"https:\/\/ruwar.org\/pl\/wp-json\/wp\/v2\/comments?post=20584"}],"version-history":[{"count":0,"href":"https:\/\/ruwar.org\/pl\/wp-json\/wp\/v2\/posts\/20584\/revisions"}],"wp:featuredmedia":[{"embeddable":true,"href":"https:\/\/ruwar.org\/pl\/wp-json\/wp\/v2\/media\/20585"}],"wp:attachment":[{"href":"https:\/\/ruwar.org\/pl\/wp-json\/wp\/v2\/media?parent=20584"}],"wp:term":[{"taxonomy":"category","embeddable":true,"href":"https:\/\/ruwar.org\/pl\/wp-json\/wp\/v2\/categories?post=20584"},{"taxonomy":"post_tag","embeddable":true,"href":"https:\/\/ruwar.org\/pl\/wp-json\/wp\/v2\/tags?post=20584"}],"curies":[{"name":"wp","href":"https:\/\/api.w.org\/{rel}","templated":true}]}}