{"id":20567,"date":"2023-11-08T09:03:03","date_gmt":"2023-11-08T08:03:03","guid":{"rendered":"https:\/\/razvedka.info\/pl\/2023-11-w-obwodzie-lwowskim-uwieziono-przesiedlenca-za-odmowe-sluzby-z-powodu-przekonan-religijnych\/"},"modified":"2023-11-08T09:03:03","modified_gmt":"2023-11-08T08:03:03","slug":"w-obwodzie-lwowskim-uwieziono-przesiedlenca-za-odmowe-sluzby-z-powodu-przekonan-religijnych","status":"publish","type":"post","link":"https:\/\/ruwar.org\/pl\/2023-11-w-obwodzie-lwowskim-uwieziono-przesiedlenca-za-odmowe-sluzby-z-powodu-przekonan-religijnych\/","title":{"rendered":"W obwodzie lwowskim uwi\u0119ziono przesiedle\u0144ca za odmow\u0119 s\u0142u\u017cby z powodu przekona\u0144 religijnych"},"content":{"rendered":"<p>S\u0105d Rejonowy obwodu lwowskiego w Kamiance-Buzce skaza\u0142 rodowitego charkowszczyzn\u0119 Maksyma O., kt\u00f3ry odm\u00f3wi\u0142 odbycia s\u0142u\u017cby wojskowej z powod\u00f3w religijnych. Poborowy zosta\u0142 skazany na trzy lata wi\u0119zienia.<\/p>\n<p>Jak wynika z wyroku s\u0105du, kt\u00f3ry zapad\u0142 w listopadzie 2023 r., pochodz\u0105cy z obwodu charkowskiego Maksym O. otrzyma\u0142 wezwanie wiosn\u0105 2023 r. i przeszed\u0142 przez wojskow\u0105 komisj\u0119 lekarsk\u0105, kt\u00f3ra uzna\u0142a go za zdolnego do s\u0142u\u017cby. Potem Maksymowi O. wr\u0119czono kolejne wezwanie do stawienia si\u0119 w punkcie werbunkowym, ale m\u0119\u017cczyzna je zignorowa\u0142, a p\u00f3\u017aniej napisa\u0142 odmow\u0119 odbycia s\u0142u\u017cby wojskowej.<\/p>\n<p>Przeciwko Maksymowi O. wszcz\u0119to spraw\u0119 karn\u0105 w zwi\u0105zku z uchylaniem si\u0119 od poboru w czasie mobilizacji. W s\u0105dzie m\u0119\u017cczyzna przyzna\u0142 si\u0119 do winy i powiedzia\u0142, \u017ce na pocz\u0105tku pe\u0142noskalowej inwazji na Rosj\u0119 przeni\u00f3s\u0142 si\u0119 do obwodu lwowskiego na rehabilitacj\u0119 po uzale\u017cnieniu od alkoholu i zamierza\u0142 znale\u017a\u0107 prac\u0119. Maksym O. potwierdzi\u0142, \u017ce 19 kwietnia nie stawi\u0142 si\u0119 w wojskowym biurze rejestracji i poboru z powodu choroby, 21 kwietnia ponownie wr\u0119czono mu wezwanie i napisa\u0142 odmow\u0119 s\u0142u\u017cby. M\u0119\u017cczyzna zapewnia, \u017ce w trakcie rehabilitacji zacz\u0105\u0142 wyznawa\u0107 wiar\u0119 &#8222;Nowego Pokolenia&#8221;, kt\u00f3ra zabrania udzia\u0142u w dzia\u0142aniach wojennych.<\/p>\n<p>Spraw\u0119 rozpatrywa\u0142 s\u0119dzia Taras Kotormus, kt\u00f3ry zapozna\u0142 si\u0119 ze wszystkimi materia\u0142ami sprawy i wzi\u0105\u0142 pod uwag\u0119 dane dotycz\u0105ce oskar\u017conego, w szczeg\u00f3lno\u015bci to, \u017ce nie by\u0142 on wcze\u015bniej karany. Zdaniem s\u0119dziego, materia\u0142y sprawy i zachowanie Maksyma O. w s\u0105dzie nie wskazuj\u0105 na jego skruch\u0119 za to, co zrobi\u0142. S\u0105d uzna\u0142, \u017ce oskar\u017cony nie wykazywa\u0142 \u017cadnych oznak pot\u0119pienia swojego zachowania ani ch\u0119ci naprawienia sytuacji. Zamiast tego, zdaniem s\u0105du, oskar\u017cony wykaza\u0142 si\u0119 oboj\u0119tno\u015bci\u0105 wobec swojego czynu i jego konsekwencji.<\/p>\n<p>R\u00f3wnie\u017c na rozprawie oskar\u017cony wskaza\u0142, \u017ce podczas pe\u0142noskalowej inwazji na Rosj\u0119 nie pomaga\u0142 Si\u0142om Zbrojnym Ukrainy, nie zg\u0142osi\u0142 si\u0119 na ochotnika.<\/p>\n<p>S\u0119dzia Taras Kotormus uzna\u0142 Maksyma O. za winnego uchylania si\u0119 od mobilizacji i skaza\u0142 go na trzy lata wi\u0119zienia. Od wyroku mo\u017cna si\u0119 jeszcze odwo\u0142a\u0107.<\/p>\n<p>Przypomnijmy, \u017ce niedawno \u017co\u0142nierz z rann\u0105 nog\u0105 na froncie zosta\u0142 skazany na pi\u0119\u0107 lat wi\u0119zienia za niestawienie si\u0119 na formacji na Zakarpaciu. Inny s\u0105d na Zakarpaciu na\u0142o\u017cy\u0142 jednak grzywn\u0119 w wysoko\u015bci 3400 hrywien na funkcjonariusza TCC, kt\u00f3ry bezzasadnie skre\u015bli\u0142 z ewidencji wojskowej 20 m\u0119\u017cczyzn.<\/p>\n","protected":false},"excerpt":{"rendered":"<p>S\u0105d Rejonowy obwodu lwowskiego w Kamiance-Buzce skaza\u0142 rodowitego charkowszczyzn\u0119 Maksyma O., kt\u00f3ry odm\u00f3wi\u0142 odbycia s\u0142u\u017cby wojskowej z powod\u00f3w religijnych. Poborowy zosta\u0142 skazany na trzy lata wi\u0119zienia. Jak wynika z wyroku s\u0105du, kt\u00f3ry zapad\u0142 w listopadzie 2023 r., pochodz\u0105cy z obwodu charkowskiego Maksym O. otrzyma\u0142 wezwanie wiosn\u0105 2023 r. i przeszed\u0142 przez wojskow\u0105 komisj\u0119 lekarsk\u0105, kt\u00f3ra [&hellip;]<\/p>\n","protected":false},"author":1,"featured_media":20568,"comment_status":"","ping_status":"","sticky":false,"template":"","format":"standard","meta":{"footnotes":""},"categories":[1],"tags":[957,274,2734,2632,9],"class_list":["post-20567","post","type-post","status-publish","format-standard","has-post-thumbnail","hentry","category-wojna","tag-nazwac","tag-religia","tag-taras-kotormus","tag-uchylanie-sie-od-mobilizacji","tag-wojna-rosyjsko-ukrainska"],"_links":{"self":[{"href":"https:\/\/ruwar.org\/pl\/wp-json\/wp\/v2\/posts\/20567","targetHints":{"allow":["GET"]}}],"collection":[{"href":"https:\/\/ruwar.org\/pl\/wp-json\/wp\/v2\/posts"}],"about":[{"href":"https:\/\/ruwar.org\/pl\/wp-json\/wp\/v2\/types\/post"}],"author":[{"embeddable":true,"href":"https:\/\/ruwar.org\/pl\/wp-json\/wp\/v2\/users\/1"}],"replies":[{"embeddable":true,"href":"https:\/\/ruwar.org\/pl\/wp-json\/wp\/v2\/comments?post=20567"}],"version-history":[{"count":0,"href":"https:\/\/ruwar.org\/pl\/wp-json\/wp\/v2\/posts\/20567\/revisions"}],"wp:featuredmedia":[{"embeddable":true,"href":"https:\/\/ruwar.org\/pl\/wp-json\/wp\/v2\/media\/20568"}],"wp:attachment":[{"href":"https:\/\/ruwar.org\/pl\/wp-json\/wp\/v2\/media?parent=20567"}],"wp:term":[{"taxonomy":"category","embeddable":true,"href":"https:\/\/ruwar.org\/pl\/wp-json\/wp\/v2\/categories?post=20567"},{"taxonomy":"post_tag","embeddable":true,"href":"https:\/\/ruwar.org\/pl\/wp-json\/wp\/v2\/tags?post=20567"}],"curies":[{"name":"wp","href":"https:\/\/api.w.org\/{rel}","templated":true}]}}