{"id":20552,"date":"2023-11-07T16:09:03","date_gmt":"2023-11-07T15:09:03","guid":{"rendered":"https:\/\/razvedka.info\/pl\/2023-11-w-ukrainie-powstana-dwa-kolejne-obozy-w-ktorych-beda-przetrzymywani-rosyjscy-jency-wojenni\/"},"modified":"2023-11-07T16:09:03","modified_gmt":"2023-11-07T15:09:03","slug":"w-ukrainie-powstana-dwa-kolejne-obozy-w-ktorych-beda-przetrzymywani-rosyjscy-jency-wojenni","status":"publish","type":"post","link":"https:\/\/ruwar.org\/pl\/2023-11-w-ukrainie-powstana-dwa-kolejne-obozy-w-ktorych-beda-przetrzymywani-rosyjscy-jency-wojenni\/","title":{"rendered":"w Ukrainie powstan\u0105 dwa kolejne obozy, w kt\u00f3rych b\u0119d\u0105 przetrzymywani rosyjscy je\u0144cy wojenni"},"content":{"rendered":"<p>w Ukrainie powstan\u0105 dwa kolejne obozy, w kt\u00f3rych b\u0119d\u0105 przetrzymywani rosyjscy je\u0144cy wojenni. Jak <a rel=\"nofollow noopener\" target=\"_blank\" href=\"https:\/\/t.me\/hochu_zhyt\/1010\">Zg\u0142oszone<\/a> We wtorek 7 listopada koordynatorzy pa\u0144stwowego projektu &#8222;Chc\u0119 \u017cy\u0107&#8221;, w najbli\u017cszym czasie zostanie otwarty jeden z oboz\u00f3w, trwaj\u0105 prace nad przygotowaniem do uruchomienia kolejnego obozu.<\/p>\n<p>Powstawanie nowych oboz\u00f3w wi\u0105\u017ce si\u0119 z du\u017c\u0105 liczb\u0105 je\u0144c\u00f3w wojennych.<\/p>\n<p><em>&#8222;Wzrost liczby je\u0144c\u00f3w wojennych wynika zar\u00f3wno z pogarszaj\u0105cej si\u0119 sytuacji na froncie, kt\u00f3ra pogarsza si\u0119 z motywacji rosyjskich \u017co\u0142nierzy, jak i z blokowania przez stron\u0119 rosyjsk\u0105 wymiany je\u0144c\u00f3w wojennych&#8221;<\/em>\u2013 napisano w o\u015bwiadczeniu.<\/p>\n<p>Koordynatorzy projektu zapewnili, \u017ce warunki panuj\u0105ce w nowym obozie, jak r\u00f3wnie\u017c w obozie West-1, b\u0119d\u0105 spe\u0142nia\u0142y wszystkie wymogi mi\u0119dzynarodowego prawa humanitarnego. Rosyjskie wojsko b\u0119dzie mia\u0142o zapewnion\u0105 opiek\u0119 medyczn\u0105, trzy posi\u0142ki dziennie, \u0142\u0105czno\u015b\u0107 z bliskimi, a tak\u017ce sta\u0142y dost\u0119p do przedstawicieli Mi\u0119dzynarodowego Komitetu Czerwonego Krzy\u017ca.<\/p>\n<p><em>&#8222;W przeciwie\u0144stwie do Federacji Rosyjskiej, Ukraina przestrzega mi\u0119dzynarodowych norm humanitarnych. W tym samym czasie strona rosyjska, na przyk\u0142ad, umieszcza ukrai\u0144skich \u017co\u0142nierzy w zwyk\u0142ych wi\u0119zieniach i koloniach karnych razem z je\u0144cami, czasami w nieludzkich warunkach, nie szanuj\u0105c i w\u0142a\u015bciwie nie uznaj\u0105c ich statusu jako je\u0144c\u00f3w wojennych&#8221;.<\/em>, dodali koordynatorzy projektu.<\/p>\n<p>Przypomnijmy, \u017ce pierwszy ob\u00f3z dla rosyjskich je\u0144c\u00f3w wojennych &#8222;Zach\u00f3d-1&#8221; w Ukrainie zacz\u0105\u0142 dzia\u0142a\u0107 w maju 2022 roku. Znajduje si\u0119 na bazie kolonii karnej w obwodzie lwowskim.<\/p>\n<p>W sierpniu 2023 r. opowiedzia\u0142 nam o warunkach, w jakich przetrzymywani s\u0105 wzi\u0119ci do niewoli rosyjscy \u017co\u0142nierze. W obozie w obwodzie lwowskim wi\u0119kszo\u015b\u0107 Rosjan, z kt\u00f3rymi przeprowadzono wywiady, powiedzia\u0142a, \u017ce nie byli \u017ale traktowani. W\u0142adze ukrai\u0144skie zezwalaj\u0105 mi\u0119dzynarodowym obserwatorom na odwiedzanie wi\u0119\u017ani\u00f3w.<\/p>\n","protected":false},"excerpt":{"rendered":"<p>w Ukrainie powstan\u0105 dwa kolejne obozy, w kt\u00f3rych b\u0119d\u0105 przetrzymywani rosyjscy je\u0144cy wojenni. Jak Zg\u0142oszone We wtorek 7 listopada koordynatorzy pa\u0144stwowego projektu &#8222;Chc\u0119 \u017cy\u0107&#8221;, w najbli\u017cszym czasie zostanie otwarty jeden z oboz\u00f3w, trwaj\u0105 prace nad przygotowaniem do uruchomienia kolejnego obozu. Powstawanie nowych oboz\u00f3w wi\u0105\u017ce si\u0119 z du\u017c\u0105 liczb\u0105 je\u0144c\u00f3w wojennych. &#8222;Wzrost liczby je\u0144c\u00f3w wojennych wynika [&hellip;]<\/p>\n","protected":false},"author":1,"featured_media":20553,"comment_status":"","ping_status":"","sticky":false,"template":"","format":"standard","meta":{"footnotes":""},"categories":[1],"tags":[2495,9],"class_list":["post-20552","post","type-post","status-publish","format-standard","has-post-thumbnail","hentry","category-wojna","tag-jency-wojenni","tag-wojna-rosyjsko-ukrainska"],"_links":{"self":[{"href":"https:\/\/ruwar.org\/pl\/wp-json\/wp\/v2\/posts\/20552","targetHints":{"allow":["GET"]}}],"collection":[{"href":"https:\/\/ruwar.org\/pl\/wp-json\/wp\/v2\/posts"}],"about":[{"href":"https:\/\/ruwar.org\/pl\/wp-json\/wp\/v2\/types\/post"}],"author":[{"embeddable":true,"href":"https:\/\/ruwar.org\/pl\/wp-json\/wp\/v2\/users\/1"}],"replies":[{"embeddable":true,"href":"https:\/\/ruwar.org\/pl\/wp-json\/wp\/v2\/comments?post=20552"}],"version-history":[{"count":0,"href":"https:\/\/ruwar.org\/pl\/wp-json\/wp\/v2\/posts\/20552\/revisions"}],"wp:featuredmedia":[{"embeddable":true,"href":"https:\/\/ruwar.org\/pl\/wp-json\/wp\/v2\/media\/20553"}],"wp:attachment":[{"href":"https:\/\/ruwar.org\/pl\/wp-json\/wp\/v2\/media?parent=20552"}],"wp:term":[{"taxonomy":"category","embeddable":true,"href":"https:\/\/ruwar.org\/pl\/wp-json\/wp\/v2\/categories?post=20552"},{"taxonomy":"post_tag","embeddable":true,"href":"https:\/\/ruwar.org\/pl\/wp-json\/wp\/v2\/tags?post=20552"}],"curies":[{"name":"wp","href":"https:\/\/api.w.org\/{rel}","templated":true}]}}