{"id":20546,"date":"2023-11-07T10:39:02","date_gmt":"2023-11-07T09:39:02","guid":{"rendered":"https:\/\/razvedka.info\/pl\/2023-11-27-letni-zolnierz-zginal-nagle-na-ulicy-w-iwano-frankowsku\/"},"modified":"2023-11-07T10:39:02","modified_gmt":"2023-11-07T09:39:02","slug":"27-letni-zolnierz-zginal-nagle-na-ulicy-w-iwano-frankowsku","status":"publish","type":"post","link":"https:\/\/ruwar.org\/pl\/2023-11-27-letni-zolnierz-zginal-nagle-na-ulicy-w-iwano-frankowsku\/","title":{"rendered":"27-letni \u017co\u0142nierz zgin\u0105\u0142 nagle na ulicy w Iwano-Frankowsku"},"content":{"rendered":"<p>W Iwano-Frankowsku na ulicy znaleziono nieprzytomnego 27-letniego \u017co\u0142nierza. Mimo reanimacji ze strony lekarzy zmar\u0142. Policja wszcz\u0119\u0142a \u015bledztwo w tej sprawie.<\/p>\n<p>Jak poinformowano we wtorek, 7 listopada, w policji obwodu iwanofrankiwskiego nieprzytomny \u017co\u0142nierz zosta\u0142 niedawno znaleziony przez przechodni\u00f3w na ulicy. Jan Pawe\u0142 II. Le\u017ca\u0142 na ulicy.<\/p>\n<p>\u00ab<em>Na miejsce natychmiast przyjecha\u0142a ekipa dochodzeniowo-\u015bledcza i karetka pogotowia. Lekarze przez godzin\u0119 prowadzili resuscytacj\u0119 27-letniego m\u0119\u017cczyzny. Nie uda\u0142o si\u0119 go jednak uratowa\u0107. \u017bo\u0142nierz zgin\u0105\u0142 na miejscu<\/em>&#8222;, poda\u0142a policja w o\u015bwiadczeniu.<\/p>\n<p>Funkcjonariusze organ\u00f3w \u015bcigania dokonali ogl\u0119dzin miejsca zdarzenia, przes\u0142uchali krewnych i \u015bwiadk\u00f3w, kt\u00f3rzy poinformowali, \u017ce m\u0119\u017cczyzna zbli\u017ca\u0142 si\u0119 do wej\u015bcia do domu i nagle upad\u0142.<\/p>\n<p>Po \u015bmierci \u017co\u0142nierza policja zarejestrowa\u0142a post\u0119powanie karne w sprawie zab\u00f3jstwa z premedytacj\u0105 (cz\u0119\u015b\u0107 I art. 115 kodeksu karnego). Zlecono ekspertyz\u0119 s\u0105dowo-lekarsk\u0105 w celu ustalenia ostatecznej przyczyny zgonu. Wst\u0119pnie, zgodnie z s\u0105dow\u0105 sekcj\u0105 zw\u0142ok, przyczyn\u0105 nag\u0142ej \u015bmierci jest ostra niewydolno\u015b\u0107 wie\u0144cowa, nag\u0142a \u015bmier\u0107 wie\u0144cowa. \u015aledztwo jest w toku.<\/p>\n","protected":false},"excerpt":{"rendered":"<p>W Iwano-Frankowsku na ulicy znaleziono nieprzytomnego 27-letniego \u017co\u0142nierza. Mimo reanimacji ze strony lekarzy zmar\u0142. Policja wszcz\u0119\u0142a \u015bledztwo w tej sprawie. Jak poinformowano we wtorek, 7 listopada, w policji obwodu iwanofrankiwskiego nieprzytomny \u017co\u0142nierz zosta\u0142 niedawno znaleziony przez przechodni\u00f3w na ulicy. Jan Pawe\u0142 II. Le\u017ca\u0142 na ulicy. \u00abNa miejsce natychmiast przyjecha\u0142a ekipa dochodzeniowo-\u015bledcza i karetka pogotowia. Lekarze [&hellip;]<\/p>\n","protected":false},"author":1,"featured_media":20547,"comment_status":"","ping_status":"","sticky":false,"template":"","format":"standard","meta":{"footnotes":""},"categories":[1],"tags":[21,24,293],"class_list":["post-20546","post","type-post","status-publish","format-standard","has-post-thumbnail","hentry","category-wojna","tag-sily-zbrojne-ukrainy","tag-wiadomosci-z-iwano-frankiwska","tag-zabijania"],"_links":{"self":[{"href":"https:\/\/ruwar.org\/pl\/wp-json\/wp\/v2\/posts\/20546","targetHints":{"allow":["GET"]}}],"collection":[{"href":"https:\/\/ruwar.org\/pl\/wp-json\/wp\/v2\/posts"}],"about":[{"href":"https:\/\/ruwar.org\/pl\/wp-json\/wp\/v2\/types\/post"}],"author":[{"embeddable":true,"href":"https:\/\/ruwar.org\/pl\/wp-json\/wp\/v2\/users\/1"}],"replies":[{"embeddable":true,"href":"https:\/\/ruwar.org\/pl\/wp-json\/wp\/v2\/comments?post=20546"}],"version-history":[{"count":0,"href":"https:\/\/ruwar.org\/pl\/wp-json\/wp\/v2\/posts\/20546\/revisions"}],"wp:featuredmedia":[{"embeddable":true,"href":"https:\/\/ruwar.org\/pl\/wp-json\/wp\/v2\/media\/20547"}],"wp:attachment":[{"href":"https:\/\/ruwar.org\/pl\/wp-json\/wp\/v2\/media?parent=20546"}],"wp:term":[{"taxonomy":"category","embeddable":true,"href":"https:\/\/ruwar.org\/pl\/wp-json\/wp\/v2\/categories?post=20546"},{"taxonomy":"post_tag","embeddable":true,"href":"https:\/\/ruwar.org\/pl\/wp-json\/wp\/v2\/tags?post=20546"}],"curies":[{"name":"wp","href":"https:\/\/api.w.org\/{rel}","templated":true}]}}