{"id":20480,"date":"2023-11-04T19:09:04","date_gmt":"2023-11-04T18:09:04","guid":{"rendered":"https:\/\/razvedka.info\/pl\/2023-11-sily-zbrojne-ukrainy-wyeliminowaly-dowodce-rosyjskiego-batalionu-terek\/"},"modified":"2023-11-04T19:09:04","modified_gmt":"2023-11-04T18:09:04","slug":"sily-zbrojne-ukrainy-wyeliminowaly-dowodce-rosyjskiego-batalionu-terek","status":"publish","type":"post","link":"https:\/\/ruwar.org\/pl\/2023-11-sily-zbrojne-ukrainy-wyeliminowaly-dowodce-rosyjskiego-batalionu-terek\/","title":{"rendered":"Si\u0142y Zbrojne Ukrainy wyeliminowa\u0142y dow\u00f3dc\u0119 rosyjskiego batalionu &#8222;Terek&#8221;"},"content":{"rendered":"<p>Si\u0142y Obronne Ukrainy wyeliminowa\u0142y dow\u00f3dc\u0119 rosyjskiego batalionu &#8222;Terek&#8221; o znaku wywo\u0142awczym &#8222;Kedr&#8221;. O tym 4 listopada <a rel=\"nofollow noopener\" target=\"_blank\" href=\"https:\/\/t.me\/a_shtirlitz\/28036\">Zg\u0142oszone<\/a> Podpu\u0142kownik Si\u0142 Zbrojnych Ukrainy Anatolij Sztefan.<\/p>\n<p>Okoliczno\u015bci likwidacji najemcy nie s\u0105 okre\u015blone. Wiadomo, \u017ce batalion ochotniczy &#8222;Terek&#8221; walczy obecnie w obwodzie donieckim. Zlikwidowany dow\u00f3dca batalionu by\u0142 posiadaczem dw\u00f3ch Order\u00f3w Odwagi, a tak\u017ce innych rosyjskich odznacze\u0144 pa\u0144stwowych. Kedr by\u0142 tak\u017ce uczestnikiem wojny w Afganistanie i Czeczenii.<\/p>\n<p>Rosyjski batalion &#8222;Terek&#8221; zosta\u0142 utworzony latem 2022 roku i rekrutuje g\u0142\u00f3wnie ochotnik\u00f3w z tzw. &#8222;rosyjskich formacji kozackich&#8221;. Z otwartych \u017ar\u00f3de\u0142 wiadomo, \u017ce podczas wojny na pe\u0142n\u0105 skal\u0119 Terek zdo\u0142a\u0142 zwerbowa\u0107 ponad 1200 rosyjskich najemnik\u00f3w.<\/p>\n<p>Nawiasem m\u00f3wi\u0105c, w pa\u017adzierniku Si\u0142y Zbrojne Ukrainy zabi\u0142y znanego rosyjskiego bojownika Aleksandra Mo\u017cajewa, zwanego &#8222;Babai&#8221;, kt\u00f3ry walczy\u0142 przeciwko Ukrainie i bra\u0142 udzia\u0142 w okupacji wschodnich region\u00f3w Ukrainy.<\/p>\n","protected":false},"excerpt":{"rendered":"<p>Si\u0142y Obronne Ukrainy wyeliminowa\u0142y dow\u00f3dc\u0119 rosyjskiego batalionu &#8222;Terek&#8221; o znaku wywo\u0142awczym &#8222;Kedr&#8221;. O tym 4 listopada Zg\u0142oszone Podpu\u0142kownik Si\u0142 Zbrojnych Ukrainy Anatolij Sztefan. Okoliczno\u015bci likwidacji najemcy nie s\u0105 okre\u015blone. Wiadomo, \u017ce batalion ochotniczy &#8222;Terek&#8221; walczy obecnie w obwodzie donieckim. Zlikwidowany dow\u00f3dca batalionu by\u0142 posiadaczem dw\u00f3ch Order\u00f3w Odwagi, a tak\u017ce innych rosyjskich odznacze\u0144 pa\u0144stwowych. Kedr by\u0142 [&hellip;]<\/p>\n","protected":false},"author":1,"featured_media":20481,"comment_status":"","ping_status":"","sticky":false,"template":"","format":"standard","meta":{"footnotes":""},"categories":[1],"tags":[9],"class_list":["post-20480","post","type-post","status-publish","format-standard","has-post-thumbnail","hentry","category-wojna","tag-wojna-rosyjsko-ukrainska"],"_links":{"self":[{"href":"https:\/\/ruwar.org\/pl\/wp-json\/wp\/v2\/posts\/20480","targetHints":{"allow":["GET"]}}],"collection":[{"href":"https:\/\/ruwar.org\/pl\/wp-json\/wp\/v2\/posts"}],"about":[{"href":"https:\/\/ruwar.org\/pl\/wp-json\/wp\/v2\/types\/post"}],"author":[{"embeddable":true,"href":"https:\/\/ruwar.org\/pl\/wp-json\/wp\/v2\/users\/1"}],"replies":[{"embeddable":true,"href":"https:\/\/ruwar.org\/pl\/wp-json\/wp\/v2\/comments?post=20480"}],"version-history":[{"count":0,"href":"https:\/\/ruwar.org\/pl\/wp-json\/wp\/v2\/posts\/20480\/revisions"}],"wp:featuredmedia":[{"embeddable":true,"href":"https:\/\/ruwar.org\/pl\/wp-json\/wp\/v2\/media\/20481"}],"wp:attachment":[{"href":"https:\/\/ruwar.org\/pl\/wp-json\/wp\/v2\/media?parent=20480"}],"wp:term":[{"taxonomy":"category","embeddable":true,"href":"https:\/\/ruwar.org\/pl\/wp-json\/wp\/v2\/categories?post=20480"},{"taxonomy":"post_tag","embeddable":true,"href":"https:\/\/ruwar.org\/pl\/wp-json\/wp\/v2\/tags?post=20480"}],"curies":[{"name":"wp","href":"https:\/\/api.w.org\/{rel}","templated":true}]}}