{"id":20212,"date":"2023-10-25T14:03:04","date_gmt":"2023-10-25T12:03:04","guid":{"rendered":"https:\/\/razvedka.info\/pl\/2023-10-rosja-werbuje-ukrainskich-nastolatkow-do-antysemickich-prowokacji\/"},"modified":"2023-10-25T14:03:04","modified_gmt":"2023-10-25T12:03:04","slug":"rosja-werbuje-ukrainskich-nastolatkow-do-antysemickich-prowokacji","status":"publish","type":"post","link":"https:\/\/ruwar.org\/pl\/2023-10-rosja-werbuje-ukrainskich-nastolatkow-do-antysemickich-prowokacji\/","title":{"rendered":"Rosja werbuje ukrai\u0144skich nastolatk\u00f3w do antysemickich prowokacji"},"content":{"rendered":"<p>SBU zdemaskowa\u0142a rosyjsk\u0105 siatk\u0119 wywiadowcz\u0105, w sk\u0142ad kt\u00f3rej wchodzili ukrai\u0144scy nastolatkowie. Byli oni werbowani do antysemickich prowokacji w r\u00f3\u017cnych regionach Ukrainy. W\u015br\u00f3d cz\u0142onk\u00f3w sieci s\u0105 dzieci z obwodu \u017cytomierskiego, a tak\u017ce ze Lwowa, Dniepru, Winnicy i Iwano-Frankiwska.<\/p>\n<div class=\"mobile-branding-wrapper\">\n<\/div>\n<p>Jak <a rel=\"nofollow noopener\" target=\"_blank\" href=\"https:\/\/www.facebook.com\/photo?fbid=697360459157534&amp;set=pcb.697360655824181\">Zg\u0142oszone<\/a> 25 pa\u017adziernika S\u0142u\u017cba Bezpiecze\u0144stwa Ukrainy w celu zdalnego naboru s\u0142u\u017cby specjalne Federacji Rosyjskiej utworzy\u0142y m\u0142odzie\u017cowy prawicowy kana\u0142 Telegram &#8222;M\u0142odzie\u017cowy Batalion Narodowo-Socjalistyczny&#8221;, kt\u00f3ry by\u0142 prowadzony przez 14-letniego nastolatka z Dniepru, gdzie wzywano nastolatk\u00f3w do pope\u0142niania akt\u00f3w antysemizmu. Prowokacje obejmowa\u0142y obra\u017aliwe napisy na pomnikach i wysadzanie pomnik\u00f3w za pomoc\u0105 improwizowanych materia\u0142\u00f3w wybuchowych. Zwerbowani nastolatkowie podsycali nastroje antysemickie w obwodzie \u017cytomierskim, a tak\u017ce w Dnieprze, Lwowie i Winnicy.<\/p>\n<div id=\"videoAdvWrapper1573261\"><\/div>\n<p>Na podstawie wynik\u00f3w pracy agent\u00f3w Rosjanie opublikowali w mediach zdj\u0119cia prowokacji maj\u0105cych na celu zdyskredytowanie Ukrainy. Grupa sk\u0142ada\u0142a si\u0119 z uczni\u00f3w w wieku 13-17 lat z okolicznych szk\u00f3\u0142. Str\u00f3\u017ce prawa przeszukali ich domy. W szczeg\u00f3lno\u015bci w obwodzie \u017cytomierskim zdemaskowano 15-letniego mieszka\u0144ca Radomysza, od kt\u00f3rego pod presj\u0105 psychologiczn\u0105 Rosjanie za\u017c\u0105dali przedstawienia symboli nazistowskich na stelach ku czci bojownik\u00f3w przeciwko nazizmowi w Radomy\u015blu, a nast\u0119pnie nani\u00f3s\u0142 swastyk\u0119 i obra\u017aliwe napisy na kompleks pami\u0119ci ofiar Holokaustu. Podobnymi symbolami zniszczy\u0142 dom miejscowej \u017byd\u00f3wki.<\/p>\n<p>W Dnieprze, Lwowie i Winnicy zdemaskowano cz\u0142onk\u00f3w kontrolowanego przez Rosj\u0119 kana\u0142u na Telegramie \u2013 czworo uczni\u00f3w miejscowych szk\u00f3\u0142. Okupanci nawo\u0142ywali do akt\u00f3w wandalizmu w miejscach pami\u0119ci ofiar Holokaustu.<\/p>\n<div id=\"idealMedia1573261\" class=\"ideal-media\" style=\"margin-bottom:15\"><\/div>\n<p>\u015aledczy wszcz\u0119li post\u0119powanie karne na podstawie cz\u0119\u015bci 2 art. 297 (zbezczeszczenie grobu, innego miejsca poch\u00f3wku lub cia\u0142a zmar\u0142ego), cz\u0119\u015b\u0107 1 art. 300 (dystrybucja d\u00f3br propaguj\u0105cych kult przemocy i dyskryminacji) oraz cz\u0119\u015b\u0107 1 art. 1 art. 300 ust. 1. 436-1 (produkcja, dystrybucja symboli komunistycznych, nazistowskich) Kodeksu Karnego.<\/p>\n","protected":false},"excerpt":{"rendered":"<p>SBU zdemaskowa\u0142a rosyjsk\u0105 siatk\u0119 wywiadowcz\u0105, w sk\u0142ad kt\u00f3rej wchodzili ukrai\u0144scy nastolatkowie. Byli oni werbowani do antysemickich prowokacji w r\u00f3\u017cnych regionach Ukrainy. W\u015br\u00f3d cz\u0142onk\u00f3w sieci s\u0105 dzieci z obwodu \u017cytomierskiego, a tak\u017ce ze Lwowa, Dniepru, Winnicy i Iwano-Frankiwska. Jak Zg\u0142oszone 25 pa\u017adziernika S\u0142u\u017cba Bezpiecze\u0144stwa Ukrainy w celu zdalnego naboru s\u0142u\u017cby specjalne Federacji Rosyjskiej utworzy\u0142y m\u0142odzie\u017cowy prawicowy [&hellip;]<\/p>\n","protected":false},"author":1,"featured_media":20213,"comment_status":"","ping_status":"","sticky":false,"template":"","format":"standard","meta":{"footnotes":""},"categories":[1],"tags":[2642,24,9],"class_list":["post-20212","post","type-post","status-publish","format-standard","has-post-thumbnail","hentry","category-wojna","tag-portale-spolecznosciowe","tag-wiadomosci-z-iwano-frankiwska","tag-wojna-rosyjsko-ukrainska"],"_links":{"self":[{"href":"https:\/\/ruwar.org\/pl\/wp-json\/wp\/v2\/posts\/20212","targetHints":{"allow":["GET"]}}],"collection":[{"href":"https:\/\/ruwar.org\/pl\/wp-json\/wp\/v2\/posts"}],"about":[{"href":"https:\/\/ruwar.org\/pl\/wp-json\/wp\/v2\/types\/post"}],"author":[{"embeddable":true,"href":"https:\/\/ruwar.org\/pl\/wp-json\/wp\/v2\/users\/1"}],"replies":[{"embeddable":true,"href":"https:\/\/ruwar.org\/pl\/wp-json\/wp\/v2\/comments?post=20212"}],"version-history":[{"count":0,"href":"https:\/\/ruwar.org\/pl\/wp-json\/wp\/v2\/posts\/20212\/revisions"}],"wp:featuredmedia":[{"embeddable":true,"href":"https:\/\/ruwar.org\/pl\/wp-json\/wp\/v2\/media\/20213"}],"wp:attachment":[{"href":"https:\/\/ruwar.org\/pl\/wp-json\/wp\/v2\/media?parent=20212"}],"wp:term":[{"taxonomy":"category","embeddable":true,"href":"https:\/\/ruwar.org\/pl\/wp-json\/wp\/v2\/categories?post=20212"},{"taxonomy":"post_tag","embeddable":true,"href":"https:\/\/ruwar.org\/pl\/wp-json\/wp\/v2\/tags?post=20212"}],"curies":[{"name":"wp","href":"https:\/\/api.w.org\/{rel}","templated":true}]}}