{"id":20052,"date":"2023-10-19T15:33:04","date_gmt":"2023-10-19T13:33:04","guid":{"rendered":"https:\/\/razvedka.info\/pl\/2023-10-dyrektor-oleg-sencow-zostal-ranny-na-froncie\/"},"modified":"2023-10-19T15:33:04","modified_gmt":"2023-10-19T13:33:04","slug":"dyrektor-oleg-sencow-zostal-ranny-na-froncie","status":"publish","type":"post","link":"https:\/\/ruwar.org\/pl\/2023-10-dyrektor-oleg-sencow-zostal-ranny-na-froncie\/","title":{"rendered":"Dyrektor Oleg Sencow zosta\u0142 ranny na froncie"},"content":{"rendered":"<p>Ukrai\u0144ski re\u017cyser i \u017co\u0142nierz O\u0142eh Sencow zosta\u0142 ranny podczas dzia\u0142a\u0144 wojennych na froncie. O tym 19 pa\u017adziernika <a rel=\"nofollow noopener\" target=\"_blank\" href=\"https:\/\/www.facebook.com\/oleg.sentsov\/posts\/pfbid021TzgXxxGaysHjCc4TSe5nZBBB9Rmue8CHmPHSNFj77s1qUEdVtkwhMSUGK3HQPH6l\">Zg\u0142oszone<\/a> Sam Sencow na swojej stronie na Facebooku.<\/p>\n<p>&#8222;Z<em>Znowu zosta\u0142 ranny, ale znowu nie powa\u017cnie \u2013 zahaczy\u0142 od\u0142amkiem w bok<\/em>&#8222;, powiedzia\u0142 Sencow, nie precyzuj\u0105c szczeg\u00f3\u0142\u00f3w sytuacji.<\/p>\n<div id=\"videoAdvWrapper1572942\"><\/div>\n<p>To co najmniej trzecia kontuzja Sencowa. 9 lipca <a rel=\"nofollow noopener\" target=\"_blank\" href=\"https:\/\/www.facebook.com\/oleg.sentsov\/videos\/269034215773416\">Dosta\u0142<\/a> wstrz\u0105\u015bnienie m\u00f3zgu, a 17 lipca \u2013 od\u0142amek <a rel=\"nofollow noopener\" target=\"_blank\" href=\"https:\/\/www.facebook.com\/oleg.sentsov\/posts\/6501895516560596\">Ranny<\/a> podczas ostrza\u0142u artyleryjskiego.<\/p>\n<p>Przypomnijmy, \u017ce re\u017cyser filmowy, by\u0142y wi\u0119zie\u0144 polityczny O\u0142eh Sencow od pocz\u0105tku wojny pe\u0142noskalowej wst\u0105pi\u0142 do 204. batalionu obrony terytorialnej Kijowa. Jesieni\u0105 Sencow zosta\u0142 przeniesiony do 47 Samodzielnej Brygady Zmechanizowanej &#8222;Magura&#8221;.<\/p>\n<p>W czerwcu 2023 roku Sencow og\u0142osi\u0142, \u017ce bierze udzia\u0142 w kontrofensywie. Wed\u0142ug \u017co\u0142nierza jego kompania zajmuje pewne linie, ale ponosi straty. R\u00f3wnie\u017c w czerwcu <a rel=\"nofollow noopener\" target=\"_blank\" href=\"https:\/\/www.facebook.com\/oleg.sentsov\/posts\/6382865831796899\">Przeznaczona<\/a> Pierwszym oficerem by\u0142 m\u0142odszy porucznik.<\/p>\n","protected":false},"excerpt":{"rendered":"<p>Ukrai\u0144ski re\u017cyser i \u017co\u0142nierz O\u0142eh Sencow zosta\u0142 ranny podczas dzia\u0142a\u0144 wojennych na froncie. O tym 19 pa\u017adziernika Zg\u0142oszone Sam Sencow na swojej stronie na Facebooku. &#8222;ZZnowu zosta\u0142 ranny, ale znowu nie powa\u017cnie \u2013 zahaczy\u0142 od\u0142amkiem w bok&#8222;, powiedzia\u0142 Sencow, nie precyzuj\u0105c szczeg\u00f3\u0142\u00f3w sytuacji. To co najmniej trzecia kontuzja Sencowa. 9 lipca Dosta\u0142 wstrz\u0105\u015bnienie m\u00f3zgu, a [&hellip;]<\/p>\n","protected":false},"author":1,"featured_media":20053,"comment_status":"","ping_status":"","sticky":false,"template":"","format":"standard","meta":{"footnotes":""},"categories":[1],"tags":[2658,9],"class_list":["post-20052","post","type-post","status-publish","format-standard","has-post-thumbnail","hentry","category-wojna","tag-oleg-sencow","tag-wojna-rosyjsko-ukrainska"],"_links":{"self":[{"href":"https:\/\/ruwar.org\/pl\/wp-json\/wp\/v2\/posts\/20052","targetHints":{"allow":["GET"]}}],"collection":[{"href":"https:\/\/ruwar.org\/pl\/wp-json\/wp\/v2\/posts"}],"about":[{"href":"https:\/\/ruwar.org\/pl\/wp-json\/wp\/v2\/types\/post"}],"author":[{"embeddable":true,"href":"https:\/\/ruwar.org\/pl\/wp-json\/wp\/v2\/users\/1"}],"replies":[{"embeddable":true,"href":"https:\/\/ruwar.org\/pl\/wp-json\/wp\/v2\/comments?post=20052"}],"version-history":[{"count":0,"href":"https:\/\/ruwar.org\/pl\/wp-json\/wp\/v2\/posts\/20052\/revisions"}],"wp:featuredmedia":[{"embeddable":true,"href":"https:\/\/ruwar.org\/pl\/wp-json\/wp\/v2\/media\/20053"}],"wp:attachment":[{"href":"https:\/\/ruwar.org\/pl\/wp-json\/wp\/v2\/media?parent=20052"}],"wp:term":[{"taxonomy":"category","embeddable":true,"href":"https:\/\/ruwar.org\/pl\/wp-json\/wp\/v2\/categories?post=20052"},{"taxonomy":"post_tag","embeddable":true,"href":"https:\/\/ruwar.org\/pl\/wp-json\/wp\/v2\/tags?post=20052"}],"curies":[{"name":"wp","href":"https:\/\/api.w.org\/{rel}","templated":true}]}}